{"id":258,"date":"2019-02-28T17:57:19","date_gmt":"2019-02-28T16:57:19","guid":{"rendered":"https:\/\/denkmalkunst-kunstdenkmal.de\/wp\/osterode\/?p=258"},"modified":"2019-07-11T13:10:08","modified_gmt":"2019-07-11T11:10:08","slug":"scheffelstrasse-14","status":"publish","type":"post","link":"https:\/\/denkmalkunst-kunstdenkmal.de\/osterode\/scheffelstrasse-14\/","title":{"rendered":"Scheffelstra\u00dfe 14 (Hintergeb\u00e4ude)"},"content":{"rendered":"<p><div class=\"fusion-fullwidth fullwidth-box fusion-builder-row-1 nonhundred-percent-fullwidth non-hundred-percent-height-scrolling\" style=\"--awb-border-radius-top-left:0px;--awb-border-radius-top-right:0px;--awb-border-radius-bottom-right:0px;--awb-border-radius-bottom-left:0px;--awb-flex-wrap:wrap;\" ><div class=\"fusion-builder-row fusion-row\"><div class=\"fusion-layout-column fusion_builder_column fusion-builder-column-0 fusion_builder_column_1_2 1_2 fusion-one-half fusion-column-first\" style=\"--awb-bg-size:cover;width:50%;width:calc(50% - ( ( 4% ) * 0.5 ) );margin-right: 4%;\"><div class=\"fusion-column-wrapper fusion-flex-column-wrapper-legacy\"><div class=\"fusion-image-element in-legacy-container\" style=\"--awb-caption-title-font-family:var(--h2_typography-font-family);--awb-caption-title-font-weight:var(--h2_typography-font-weight);--awb-caption-title-font-style:var(--h2_typography-font-style);--awb-caption-title-size:var(--h2_typography-font-size);--awb-caption-title-transform:var(--h2_typography-text-transform);--awb-caption-title-line-height:var(--h2_typography-line-height);--awb-caption-title-letter-spacing:var(--h2_typography-letter-spacing);\"><span class=\" fusion-imageframe imageframe-none imageframe-1 hover-type-none\"><img decoding=\"async\" width=\"800\" height=\"800\" title=\"DKKD_OHA_Denkmal_056\" src=\"https:\/\/denkmalkunst-kunstdenkmal.de\/wp\/osterode\/wp-content\/uploads\/sites\/3\/2019\/02\/DKKD_OHA_Denkmal_056.jpg\" alt class=\"img-responsive wp-image-222\" srcset=\"https:\/\/denkmalkunst-kunstdenkmal.de\/osterode\/wp-content\/uploads\/sites\/3\/2019\/02\/DKKD_OHA_Denkmal_056-200x200.jpg 200w, https:\/\/denkmalkunst-kunstdenkmal.de\/osterode\/wp-content\/uploads\/sites\/3\/2019\/02\/DKKD_OHA_Denkmal_056-400x400.jpg 400w, https:\/\/denkmalkunst-kunstdenkmal.de\/osterode\/wp-content\/uploads\/sites\/3\/2019\/02\/DKKD_OHA_Denkmal_056-600x600.jpg 600w, https:\/\/denkmalkunst-kunstdenkmal.de\/osterode\/wp-content\/uploads\/sites\/3\/2019\/02\/DKKD_OHA_Denkmal_056.jpg 800w\" sizes=\"(max-width: 800px) 100vw, 600px\" \/><\/span><\/div><div class=\"fusion-clearfix\"><\/div><\/div><\/div><div class=\"fusion-layout-column fusion_builder_column fusion-builder-column-1 fusion_builder_column_1_2 1_2 fusion-one-half fusion-column-last\" style=\"--awb-bg-size:cover;width:50%;width:calc(50% - ( ( 4% ) * 0.5 ) );\"><div class=\"fusion-column-wrapper fusion-flex-column-wrapper-legacy\"><div class=\"fusion-image-element in-legacy-container\" style=\"--awb-caption-title-font-family:var(--h2_typography-font-family);--awb-caption-title-font-weight:var(--h2_typography-font-weight);--awb-caption-title-font-style:var(--h2_typography-font-style);--awb-caption-title-size:var(--h2_typography-font-size);--awb-caption-title-transform:var(--h2_typography-text-transform);--awb-caption-title-line-height:var(--h2_typography-line-height);--awb-caption-title-letter-spacing:var(--h2_typography-letter-spacing);\"><span class=\" fusion-imageframe imageframe-none imageframe-2 hover-type-none\"><img decoding=\"async\" width=\"800\" height=\"800\" title=\"DKKD_OHA_Denkmal_058\" src=\"https:\/\/denkmalkunst-kunstdenkmal.de\/wp\/osterode\/wp-content\/uploads\/sites\/3\/2019\/02\/DKKD_OHA_Denkmal_058.jpg\" alt class=\"img-responsive wp-image-224\" srcset=\"https:\/\/denkmalkunst-kunstdenkmal.de\/osterode\/wp-content\/uploads\/sites\/3\/2019\/02\/DKKD_OHA_Denkmal_058-200x200.jpg 200w, https:\/\/denkmalkunst-kunstdenkmal.de\/osterode\/wp-content\/uploads\/sites\/3\/2019\/02\/DKKD_OHA_Denkmal_058-400x400.jpg 400w, https:\/\/denkmalkunst-kunstdenkmal.de\/osterode\/wp-content\/uploads\/sites\/3\/2019\/02\/DKKD_OHA_Denkmal_058-600x600.jpg 600w, https:\/\/denkmalkunst-kunstdenkmal.de\/osterode\/wp-content\/uploads\/sites\/3\/2019\/02\/DKKD_OHA_Denkmal_058.jpg 800w\" sizes=\"(max-width: 800px) 100vw, 600px\" \/><\/span><\/div><div class=\"fusion-clearfix\"><\/div><\/div><\/div><\/div><\/div><div class=\"fusion-fullwidth fullwidth-box fusion-builder-row-2 nonhundred-percent-fullwidth non-hundred-percent-height-scrolling\" style=\"--awb-border-radius-top-left:0px;--awb-border-radius-top-right:0px;--awb-border-radius-bottom-right:0px;--awb-border-radius-bottom-left:0px;--awb-margin-top:60px;--awb-flex-wrap:wrap;\" ><div class=\"fusion-builder-row fusion-row\"><div class=\"fusion-layout-column fusion_builder_column fusion-builder-column-2 fusion_builder_column_1_1 1_1 fusion-one-full fusion-column-first fusion-column-last\" style=\"--awb-bg-size:cover;\"><div class=\"fusion-column-wrapper fusion-flex-column-wrapper-legacy\"><div class=\"fusion-text fusion-text-1\"><p><strong>Hintergeb\u00e4ude der Stadtbibliothek &#8211; Scheffelstra\u00dfe 14<br \/>\n<\/strong><em>Textquellen: Stadtarchiv Osterode \u00b7 Textfassung: Heike Grobis \u00b7 Fotos: Daniel Li<\/em><strong><br \/>\n<\/strong><\/p>\n<p class=\"p1\"><span class=\"s1\">Anstelle des heutigen Geb\u00e4udes Scheffelstra\u00dfe 14, Stadtbibliothek, stand bis zu einem Gro\u00dfbrand 1826 ein Schachtrupp-Wohnhaus. 1809 hatte Johann Friedrich Schachtrupp, Fabrikgr\u00fcnder und Villa-Erbauer, im Hof ein Hintergeb\u00e4ude angelegt. Im gemauerten EG liegen Stall\/Scheune, und im Fachwerk-OG gibt es damals eine <\/span><span class=\"s2\">Dienstboten-Unterkunft<\/span><span class=\"s1\">; wohl als einziges Beispiel in Osterode. 1908, zur Zeit der H\u00f6heren T\u00f6chterschule im Haupthaus (Stadtbibliothek), vermutet man weitere Bewohnung durch z. B. die Hausmeisterin. Generell bewohnt wird das Haus bis in die 1990er Jahre.<\/span><\/p>\n<p class=\"p1\"><span class=\"s1\">Auff\u00e4llig sind die kleinen <\/span><span class=\"s2\">Gipssteinchen<\/span><span class=\"s1\"> in den EG-Fugen als Schmuckwerk. Au\u00dferdem erkennt man den Inschriftenstein: \u201eG. H. B. 1827\u201c f\u00fcr Georg Heinrich Blum, der 1827 das Nachfolgehaupthaus erbaut. Zur Stra\u00dfe Am Posthof befindet sich im EG ein gro\u00dfes, Segmentbogen \u00fcberfangenes Fenster mit der Inschrift: \u201eJohann Friedrich Schachtrupp \u2013 Berghandels-Ober-Factor \u2013 neu erbauet \u2013 im Jahre 1809.\u201c Der <\/span><span class=\"s2\">Gew\u00f6lbekeller<\/span><span class=\"s1\"> zieht sich als Gangkeller bis hin zur Scheffelstra\u00dfe und zeigt noch einige Lichtnischen f\u00fcr Talglichter o. \u00e4.<\/span><\/p>\n<\/div><div class=\"fusion-clearfix\"><\/div><\/div><\/div><\/div><\/div><div class=\"fusion-fullwidth fullwidth-box fusion-builder-row-3 nonhundred-percent-fullwidth non-hundred-percent-height-scrolling\" style=\"--awb-border-radius-top-left:0px;--awb-border-radius-top-right:0px;--awb-border-radius-bottom-right:0px;--awb-border-radius-bottom-left:0px;--awb-margin-top:40px;--awb-flex-wrap:wrap;\" ><div class=\"fusion-builder-row fusion-row\"><div class=\"fusion-layout-column fusion_builder_column fusion-builder-column-3 fusion_builder_column_1_1 1_1 fusion-one-full fusion-column-first fusion-column-last\" style=\"--awb-bg-size:cover;\"><div class=\"fusion-column-wrapper fusion-flex-column-wrapper-legacy\"><div class=\"fusion-title title fusion-title-1 fusion-title-text fusion-title-size-two\" style=\"--awb-margin-top-small:0px;--awb-margin-right-small:0px;--awb-margin-bottom-small:20px;--awb-margin-left-small:0px;\"><h2 class=\"fusion-title-heading title-heading-left fusion-responsive-typography-calculated\" style=\"margin:0;--fontSize:40;line-height:1.5;\">Lage<\/h2><span class=\"awb-title-spacer\"><\/span><div class=\"title-sep-container\"><div class=\"title-sep sep-single sep-solid\" style=\"border-color:#dddddd;\"><\/div><\/div><\/div><div class=\"shortcode-map fusion-google-map fusion-maps-embed-type\"><iframe width=\"100%\" height=\"400px\" frameborder=\"0\" style=\"border:0\" src=\"https:\/\/www.google.com\/maps\/embed\/v1\/place?key=AIzaSyA-MEgC1TL1v0EcT4cZyKcL4-npNBgaDS0&language=de&q=51.726806,+10.250541&maptype=roadmap&zoom=17\" allowfullscreen><\/iframe><\/div><div class=\"fusion-clearfix\"><\/div><\/div><\/div><\/div><\/div><div class=\"fusion-fullwidth fullwidth-box fusion-builder-row-4 nonhundred-percent-fullwidth non-hundred-percent-height-scrolling\" style=\"--awb-border-radius-top-left:0px;--awb-border-radius-top-right:0px;--awb-border-radius-bottom-right:0px;--awb-border-radius-bottom-left:0px;--awb-padding-top:40px;--awb-flex-wrap:wrap;\" ><div class=\"fusion-builder-row fusion-row\"><div class=\"fusion-layout-column fusion_builder_column fusion-builder-column-4 fusion_builder_column_1_1 1_1 fusion-one-full fusion-column-first fusion-column-last\" style=\"--awb-bg-size:cover;\"><div class=\"fusion-column-wrapper fusion-flex-column-wrapper-legacy\"><div class=\"fusion-title title fusion-title-2 fusion-title-text fusion-title-size-two\" style=\"--awb-margin-top-small:0px;--awb-margin-right-small:0px;--awb-margin-bottom-small:20px;--awb-margin-left-small:0px;\"><h2 class=\"fusion-title-heading title-heading-left fusion-responsive-typography-calculated\" style=\"margin:0;--fontSize:40;line-height:1.5;\">Was geht ab in diesem Denkmal?<\/h2><span class=\"awb-title-spacer\"><\/span><div class=\"title-sep-container\"><div class=\"title-sep sep-single sep-solid\" style=\"border-color:#dddddd;\"><\/div><\/div><\/div><div class=\"fusion-clearfix\"><\/div><\/div><\/div><div class=\"fusion-layout-column fusion_builder_column fusion-builder-column-5 fusion_builder_column_1_2 1_2 fusion-one-half fusion-column-first\" style=\"--awb-bg-size:cover;width:50%;width:calc(50% - ( ( 4% ) * 0.5 ) );margin-right: 4%;\"><div class=\"fusion-column-wrapper fusion-flex-column-wrapper-legacy\"><div class=\"fusion-title title fusion-title-3 fusion-title-text fusion-title-size-three\" style=\"--awb-margin-top-small:0px;--awb-margin-right-small:0px;--awb-margin-bottom-small:20px;--awb-margin-left-small:0px;\"><h3 class=\"fusion-title-heading title-heading-left fusion-responsive-typography-calculated\" style=\"margin:0;--fontSize:30;line-height:1.41;\">Programm<\/h3><span class=\"awb-title-spacer\"><\/span><div class=\"title-sep-container\"><div class=\"title-sep sep-single sep-solid\" style=\"border-color:#dddddd;\"><\/div><\/div><\/div><div class=\"fusion-text fusion-text-2\"><p>[MEC id=&#8220;1708&#8243;]<\/p>\n<\/div><div class=\"fusion-clearfix\"><\/div><\/div><\/div><div class=\"fusion-layout-column fusion_builder_column fusion-builder-column-6 fusion_builder_column_1_2 1_2 fusion-one-half fusion-column-last\" style=\"--awb-bg-size:cover;width:50%;width:calc(50% - ( ( 4% ) * 0.5 ) );\"><div class=\"fusion-column-wrapper fusion-flex-column-wrapper-legacy\"><div class=\"fusion-title title fusion-title-4 fusion-title-text fusion-title-size-three\" style=\"--awb-margin-top-small:0px;--awb-margin-right-small:0px;--awb-margin-bottom-small:20px;--awb-margin-left-small:0px;\"><h3 class=\"fusion-title-heading title-heading-left fusion-responsive-typography-calculated\" style=\"margin:0;--fontSize:30;line-height:1.41;\">Kunst<\/h3><span class=\"awb-title-spacer\"><\/span><div class=\"title-sep-container\"><div class=\"title-sep sep-single sep-solid\" style=\"border-color:#dddddd;\"><\/div><\/div><\/div>[loop type=post category=kunst-im-denkmal-scheffelstrasse-14 orderby=name order=ASC]\n<div style=\"height:70px;background-color:#f2f2f2f2;\"><p style=\"float:left\";>[field thumbnail-link width=70 height=70]\n<p style=\"margin-left:82px;padding-top:8px;font-size:18px;line-height:20px;font-weight:700;\">[field title-link]<br\/>\n<span style=\"font-size:14px;font-weight:400;\">[field excerpt words=8] \u2026 [link]<span style=\"font-weight:500;color:#eb8b2c;\">weiterlesen<\/span>[\/link]<\/span><\/p>\n<\/div>\n<hr style=\"clear:both;border:0px solid #fff;\">\n[\/loop]<div class=\"fusion-clearfix\"><\/div><\/div><\/div><\/div><\/div><\/p>\n","protected":false},"excerpt":{"rendered":"<p>\u2465 Hintergeb\u00e4ude der Stadtbibliothek<\/p>\n","protected":false},"author":6,"featured_media":222,"comment_status":"closed","ping_status":"closed","sticky":false,"template":"","format":"standard","meta":{"footnotes":""},"categories":[5],"tags":[],"class_list":["post-258","post","type-post","status-publish","format-standard","has-post-thumbnail","hentry","category-denkmal"],"_links":{"self":[{"href":"https:\/\/denkmalkunst-kunstdenkmal.de\/osterode\/wp-json\/wp\/v2\/posts\/258","targetHints":{"allow":["GET"]}}],"collection":[{"href":"https:\/\/denkmalkunst-kunstdenkmal.de\/osterode\/wp-json\/wp\/v2\/posts"}],"about":[{"href":"https:\/\/denkmalkunst-kunstdenkmal.de\/osterode\/wp-json\/wp\/v2\/types\/post"}],"author":[{"embeddable":true,"href":"https:\/\/denkmalkunst-kunstdenkmal.de\/osterode\/wp-json\/wp\/v2\/users\/6"}],"replies":[{"embeddable":true,"href":"https:\/\/denkmalkunst-kunstdenkmal.de\/osterode\/wp-json\/wp\/v2\/comments?post=258"}],"version-history":[{"count":5,"href":"https:\/\/denkmalkunst-kunstdenkmal.de\/osterode\/wp-json\/wp\/v2\/posts\/258\/revisions"}],"predecessor-version":[{"id":2036,"href":"https:\/\/denkmalkunst-kunstdenkmal.de\/osterode\/wp-json\/wp\/v2\/posts\/258\/revisions\/2036"}],"wp:featuredmedia":[{"embeddable":true,"href":"https:\/\/denkmalkunst-kunstdenkmal.de\/osterode\/wp-json\/wp\/v2\/media\/222"}],"wp:attachment":[{"href":"https:\/\/denkmalkunst-kunstdenkmal.de\/osterode\/wp-json\/wp\/v2\/media?parent=258"}],"wp:term":[{"taxonomy":"category","embeddable":true,"href":"https:\/\/denkmalkunst-kunstdenkmal.de\/osterode\/wp-json\/wp\/v2\/categories?post=258"},{"taxonomy":"post_tag","embeddable":true,"href":"https:\/\/denkmalkunst-kunstdenkmal.de\/osterode\/wp-json\/wp\/v2\/tags?post=258"}],"curies":[{"name":"wp","href":"https:\/\/api.w.org\/{rel}","templated":true}]}}