{"id":231,"date":"2019-02-28T17:31:49","date_gmt":"2019-02-28T16:31:49","guid":{"rendered":"https:\/\/denkmalkunst-kunstdenkmal.de\/wp\/osterode\/?p=231"},"modified":"2019-08-13T20:08:48","modified_gmt":"2019-08-13T18:08:48","slug":"aegidienstrasse-12","status":"publish","type":"post","link":"https:\/\/denkmalkunst-kunstdenkmal.de\/osterode\/aegidienstrasse-12\/","title":{"rendered":"Aegidienstra\u00dfe 12"},"content":{"rendered":"<p><div class=\"fusion-fullwidth fullwidth-box fusion-builder-row-1 nonhundred-percent-fullwidth non-hundred-percent-height-scrolling\" style=\"--awb-border-radius-top-left:0px;--awb-border-radius-top-right:0px;--awb-border-radius-bottom-right:0px;--awb-border-radius-bottom-left:0px;--awb-flex-wrap:wrap;\" ><div class=\"fusion-builder-row fusion-row\"><div class=\"fusion-layout-column fusion_builder_column fusion-builder-column-0 fusion_builder_column_1_2 1_2 fusion-one-half fusion-column-first\" style=\"--awb-bg-size:cover;width:50%;width:calc(50% - ( ( 4% ) * 0.5 ) );margin-right: 4%;\"><div class=\"fusion-column-wrapper fusion-flex-column-wrapper-legacy\"><div class=\"fusion-image-element in-legacy-container\" style=\"--awb-caption-title-font-family:var(--h2_typography-font-family);--awb-caption-title-font-weight:var(--h2_typography-font-weight);--awb-caption-title-font-style:var(--h2_typography-font-style);--awb-caption-title-size:var(--h2_typography-font-size);--awb-caption-title-transform:var(--h2_typography-text-transform);--awb-caption-title-line-height:var(--h2_typography-line-height);--awb-caption-title-letter-spacing:var(--h2_typography-letter-spacing);\"><span class=\" fusion-imageframe imageframe-none imageframe-1 hover-type-none\"><img decoding=\"async\" width=\"800\" height=\"800\" title=\"DKKD_OHA_Denkmal_015\" src=\"https:\/\/denkmalkunst-kunstdenkmal.de\/wp\/osterode\/wp-content\/uploads\/sites\/3\/2019\/02\/DKKD_OHA_Denkmal_015.jpg\" alt class=\"img-responsive wp-image-181\" srcset=\"https:\/\/denkmalkunst-kunstdenkmal.de\/osterode\/wp-content\/uploads\/sites\/3\/2019\/02\/DKKD_OHA_Denkmal_015-200x200.jpg 200w, https:\/\/denkmalkunst-kunstdenkmal.de\/osterode\/wp-content\/uploads\/sites\/3\/2019\/02\/DKKD_OHA_Denkmal_015-400x400.jpg 400w, https:\/\/denkmalkunst-kunstdenkmal.de\/osterode\/wp-content\/uploads\/sites\/3\/2019\/02\/DKKD_OHA_Denkmal_015-600x600.jpg 600w, https:\/\/denkmalkunst-kunstdenkmal.de\/osterode\/wp-content\/uploads\/sites\/3\/2019\/02\/DKKD_OHA_Denkmal_015.jpg 800w\" sizes=\"(max-width: 800px) 100vw, 600px\" \/><\/span><\/div><div class=\"fusion-clearfix\"><\/div><\/div><\/div><div class=\"fusion-layout-column fusion_builder_column fusion-builder-column-1 fusion_builder_column_1_2 1_2 fusion-one-half fusion-column-last\" style=\"--awb-bg-size:cover;width:50%;width:calc(50% - ( ( 4% ) * 0.5 ) );\"><div class=\"fusion-column-wrapper fusion-flex-column-wrapper-legacy\"><div class=\"fusion-image-element in-legacy-container\" style=\"--awb-caption-title-font-family:var(--h2_typography-font-family);--awb-caption-title-font-weight:var(--h2_typography-font-weight);--awb-caption-title-font-style:var(--h2_typography-font-style);--awb-caption-title-size:var(--h2_typography-font-size);--awb-caption-title-transform:var(--h2_typography-text-transform);--awb-caption-title-line-height:var(--h2_typography-line-height);--awb-caption-title-letter-spacing:var(--h2_typography-letter-spacing);\"><span class=\" fusion-imageframe imageframe-none imageframe-2 hover-type-none\"><img decoding=\"async\" width=\"800\" height=\"800\" title=\"DKKD_OHA_Denkmal_016\" src=\"https:\/\/denkmalkunst-kunstdenkmal.de\/wp\/osterode\/wp-content\/uploads\/sites\/3\/2019\/02\/DKKD_OHA_Denkmal_016.jpg\" alt class=\"img-responsive wp-image-182\" srcset=\"https:\/\/denkmalkunst-kunstdenkmal.de\/osterode\/wp-content\/uploads\/sites\/3\/2019\/02\/DKKD_OHA_Denkmal_016-200x200.jpg 200w, https:\/\/denkmalkunst-kunstdenkmal.de\/osterode\/wp-content\/uploads\/sites\/3\/2019\/02\/DKKD_OHA_Denkmal_016-400x400.jpg 400w, https:\/\/denkmalkunst-kunstdenkmal.de\/osterode\/wp-content\/uploads\/sites\/3\/2019\/02\/DKKD_OHA_Denkmal_016-600x600.jpg 600w, https:\/\/denkmalkunst-kunstdenkmal.de\/osterode\/wp-content\/uploads\/sites\/3\/2019\/02\/DKKD_OHA_Denkmal_016.jpg 800w\" sizes=\"(max-width: 800px) 100vw, 600px\" \/><\/span><\/div><div class=\"fusion-clearfix\"><\/div><\/div><\/div><\/div><\/div><div class=\"fusion-fullwidth fullwidth-box fusion-builder-row-2 nonhundred-percent-fullwidth non-hundred-percent-height-scrolling\" style=\"--awb-border-radius-top-left:0px;--awb-border-radius-top-right:0px;--awb-border-radius-bottom-right:0px;--awb-border-radius-bottom-left:0px;--awb-margin-top:60px;--awb-flex-wrap:wrap;\" ><div class=\"fusion-builder-row fusion-row\"><div class=\"fusion-layout-column fusion_builder_column fusion-builder-column-2 fusion_builder_column_1_1 1_1 fusion-one-full fusion-column-first fusion-column-last\" style=\"--awb-bg-size:cover;\"><div class=\"fusion-column-wrapper fusion-flex-column-wrapper-legacy\"><div class=\"fusion-text fusion-text-1\"><p><strong>Aegidienstra\u00dfe 12<br \/>\n<\/strong><em>Textquellen: Stadtarchiv Osterode \u00b7 Textfassung: Heike Grobis \u00b7 Fotos: Daniel Li<\/em><strong><br \/>\n<\/strong><\/p>\n<p class=\"p1\"><span class=\"s1\">Dieses Haus besitzt eine interessante Vorgeschichte, denn urspr\u00fcnglich durfte die Schildwache entlang der Stadtmauer nicht bebaut werden. Dies \u00e4ndert sich im 19. Jh., da auf diesem Weg die Stadt die Kosten zur Erhaltung der Mauer spart. Allerdings ist hier bereits 1689 die sog. Schachtrupps Scheune* erw\u00e4hnt, die wohl zum damaligen Wohnhaus der bekannten Osteroder Familie geh\u00f6rt, das seinerzeit in der N\u00e4he liegt. Schlie\u00dflich entstehen an dieser Stelle in 1. H\u00e4lfte 19. Jh. Wohnhaus samt Scheune, wobei letztere seit 1850 ebenfalls als Wohngeb\u00e4ude benutzt wird, wie man an den historisierenden Schmuckelementen der Haust\u00fcr erkennt. Das EG beherbergt in 2. H\u00e4lfte 19. Jh. ein Ladengesch\u00e4ft bzw. einen Verlag. Das Haupthaus wird 1928 bis auf zwei Gefachbreiten abgerissen; heute dient der leere Platz als Parkplatz. Interessant der in Osterode typische Ziegelbehang der dortigen Au\u00dfenseite.<\/span><\/p>\n<p class=\"p1\"><span class=\"s1\">(*Vgl. <a href=\"https:\/\/denkmalkunst-kunstdenkmal.de\/osterode\/scheffelstrasse-14\/\" target=\"_blank\" rel=\"noopener noreferrer\">Hintergeb\u00e4ude Scheffelstra\u00dfe 14<\/a>)<\/span><\/p>\n<\/div><div class=\"fusion-clearfix\"><\/div><\/div><\/div><\/div><\/div><div class=\"fusion-fullwidth fullwidth-box fusion-builder-row-3 nonhundred-percent-fullwidth non-hundred-percent-height-scrolling\" style=\"--awb-border-radius-top-left:0px;--awb-border-radius-top-right:0px;--awb-border-radius-bottom-right:0px;--awb-border-radius-bottom-left:0px;--awb-margin-top:40px;--awb-flex-wrap:wrap;\" ><div class=\"fusion-builder-row fusion-row\"><div class=\"fusion-layout-column fusion_builder_column fusion-builder-column-3 fusion_builder_column_1_1 1_1 fusion-one-full fusion-column-first fusion-column-last\" style=\"--awb-bg-size:cover;\"><div class=\"fusion-column-wrapper fusion-flex-column-wrapper-legacy\"><div class=\"fusion-title title fusion-title-1 fusion-title-text fusion-title-size-two\" style=\"--awb-margin-top-small:0px;--awb-margin-right-small:0px;--awb-margin-bottom-small:20px;--awb-margin-left-small:0px;\"><h2 class=\"fusion-title-heading title-heading-left fusion-responsive-typography-calculated\" style=\"margin:0;--fontSize:40;line-height:1.5;\">Lage<\/h2><span class=\"awb-title-spacer\"><\/span><div class=\"title-sep-container\"><div class=\"title-sep sep-single sep-solid\" style=\"border-color:#dddddd;\"><\/div><\/div><\/div><div class=\"shortcode-map fusion-google-map fusion-maps-embed-type\"><iframe width=\"100%\" height=\"400px\" frameborder=\"0\" style=\"border:0\" src=\"https:\/\/www.google.com\/maps\/embed\/v1\/place?key=AIzaSyA-MEgC1TL1v0EcT4cZyKcL4-npNBgaDS0&language=de&q=Aegidienstra\u00dfe+12,+37520+Osterode+am+Harz&maptype=roadmap&zoom=17\" allowfullscreen><\/iframe><\/div><div class=\"fusion-clearfix\"><\/div><\/div><\/div><\/div><\/div><div class=\"fusion-fullwidth fullwidth-box fusion-builder-row-4 nonhundred-percent-fullwidth non-hundred-percent-height-scrolling\" style=\"--awb-border-radius-top-left:0px;--awb-border-radius-top-right:0px;--awb-border-radius-bottom-right:0px;--awb-border-radius-bottom-left:0px;--awb-padding-top:40px;--awb-flex-wrap:wrap;\" ><div class=\"fusion-builder-row fusion-row\"><div class=\"fusion-layout-column fusion_builder_column fusion-builder-column-4 fusion_builder_column_1_1 1_1 fusion-one-full fusion-column-first fusion-column-last\" style=\"--awb-bg-size:cover;\"><div class=\"fusion-column-wrapper fusion-flex-column-wrapper-legacy\"><div class=\"fusion-title title fusion-title-2 fusion-title-text fusion-title-size-two\" style=\"--awb-margin-top-small:0px;--awb-margin-right-small:0px;--awb-margin-bottom-small:20px;--awb-margin-left-small:0px;\"><h2 class=\"fusion-title-heading title-heading-left fusion-responsive-typography-calculated\" style=\"margin:0;--fontSize:40;line-height:1.5;\">Was geht ab in diesem Denkmal?<\/h2><span class=\"awb-title-spacer\"><\/span><div class=\"title-sep-container\"><div class=\"title-sep sep-single sep-solid\" style=\"border-color:#dddddd;\"><\/div><\/div><\/div><div class=\"fusion-clearfix\"><\/div><\/div><\/div><div class=\"fusion-layout-column fusion_builder_column fusion-builder-column-5 fusion_builder_column_1_2 1_2 fusion-one-half fusion-column-first\" style=\"--awb-bg-size:cover;width:50%;width:calc(50% - ( ( 4% ) * 0.5 ) );margin-right: 4%;\"><div class=\"fusion-column-wrapper fusion-flex-column-wrapper-legacy\"><div class=\"fusion-title title fusion-title-3 fusion-title-text fusion-title-size-three\" style=\"--awb-margin-top-small:0px;--awb-margin-right-small:0px;--awb-margin-bottom-small:20px;--awb-margin-left-small:0px;\"><h3 class=\"fusion-title-heading title-heading-left fusion-responsive-typography-calculated\" style=\"margin:0;--fontSize:30;line-height:1.41;\">Kunst<\/h3><span class=\"awb-title-spacer\"><\/span><div class=\"title-sep-container\"><div class=\"title-sep sep-single sep-solid\" style=\"border-color:#dddddd;\"><\/div><\/div><\/div>[loop type=post category=kunst-im-denkmal-aegidienstrasse-12\/ orderby=name order=ASC]\n<div style=\"height:70px;background-color:#f2f2f2f2;\"><p style=\"float:left\";>[field thumbnail-link width=70 height=70]\n<p style=\"margin-left:82px;padding-top:8px;font-size:18px;line-height:20px;font-weight:700;\">[field title-link]<br\/>\n<span style=\"font-size:14px;font-weight:400;\">[field excerpt words=8] \u2026 [link]<span style=\"font-weight:500;color:#eb8b2c;\">weiterlesen<\/span>[\/link]<\/span><\/p>\n<\/div>\n<hr style=\"clear:both;border:0px solid #fff;\">\n[\/loop]<div class=\"fusion-clearfix\"><\/div><\/div><\/div><\/div><\/div><\/p>\n","protected":false},"excerpt":{"rendered":"<p>\u2461 Ehem. Hartmann Verlag<\/p>\n","protected":false},"author":6,"featured_media":181,"comment_status":"closed","ping_status":"closed","sticky":false,"template":"","format":"standard","meta":{"footnotes":""},"categories":[5],"tags":[],"class_list":["post-231","post","type-post","status-publish","format-standard","has-post-thumbnail","hentry","category-denkmal"],"_links":{"self":[{"href":"https:\/\/denkmalkunst-kunstdenkmal.de\/osterode\/wp-json\/wp\/v2\/posts\/231","targetHints":{"allow":["GET"]}}],"collection":[{"href":"https:\/\/denkmalkunst-kunstdenkmal.de\/osterode\/wp-json\/wp\/v2\/posts"}],"about":[{"href":"https:\/\/denkmalkunst-kunstdenkmal.de\/osterode\/wp-json\/wp\/v2\/types\/post"}],"author":[{"embeddable":true,"href":"https:\/\/denkmalkunst-kunstdenkmal.de\/osterode\/wp-json\/wp\/v2\/users\/6"}],"replies":[{"embeddable":true,"href":"https:\/\/denkmalkunst-kunstdenkmal.de\/osterode\/wp-json\/wp\/v2\/comments?post=231"}],"version-history":[{"count":5,"href":"https:\/\/denkmalkunst-kunstdenkmal.de\/osterode\/wp-json\/wp\/v2\/posts\/231\/revisions"}],"predecessor-version":[{"id":2178,"href":"https:\/\/denkmalkunst-kunstdenkmal.de\/osterode\/wp-json\/wp\/v2\/posts\/231\/revisions\/2178"}],"wp:featuredmedia":[{"embeddable":true,"href":"https:\/\/denkmalkunst-kunstdenkmal.de\/osterode\/wp-json\/wp\/v2\/media\/181"}],"wp:attachment":[{"href":"https:\/\/denkmalkunst-kunstdenkmal.de\/osterode\/wp-json\/wp\/v2\/media?parent=231"}],"wp:term":[{"taxonomy":"category","embeddable":true,"href":"https:\/\/denkmalkunst-kunstdenkmal.de\/osterode\/wp-json\/wp\/v2\/categories?post=231"},{"taxonomy":"post_tag","embeddable":true,"href":"https:\/\/denkmalkunst-kunstdenkmal.de\/osterode\/wp-json\/wp\/v2\/tags?post=231"}],"curies":[{"name":"wp","href":"https:\/\/api.w.org\/{rel}","templated":true}]}}