{"id":2136,"date":"2019-08-13T11:54:27","date_gmt":"2019-08-13T09:54:27","guid":{"rendered":"https:\/\/denkmalkunst-kunstdenkmal.de\/osterode\/?p=2136"},"modified":"2019-08-13T12:05:23","modified_gmt":"2019-08-13T10:05:23","slug":"scheffelstrasse-14-2","status":"publish","type":"post","link":"https:\/\/denkmalkunst-kunstdenkmal.de\/osterode\/scheffelstrasse-14-2\/","title":{"rendered":"Scheffelstra\u00dfe 14"},"content":{"rendered":"<p><div class=\"fusion-fullwidth fullwidth-box fusion-builder-row-1 nonhundred-percent-fullwidth non-hundred-percent-height-scrolling\" style=\"--awb-border-radius-top-left:0px;--awb-border-radius-top-right:0px;--awb-border-radius-bottom-right:0px;--awb-border-radius-bottom-left:0px;--awb-flex-wrap:wrap;\" ><div class=\"fusion-builder-row fusion-row\"><div class=\"fusion-layout-column fusion_builder_column fusion-builder-column-0 fusion_builder_column_1_2 1_2 fusion-one-half fusion-column-first\" style=\"--awb-bg-size:cover;width:50%;width:calc(50% - ( ( 4% ) * 0.5 ) );margin-right: 4%;\"><div class=\"fusion-column-wrapper fusion-flex-column-wrapper-legacy\"><div class=\"fusion-image-element in-legacy-container\" style=\"--awb-caption-title-font-family:var(--h2_typography-font-family);--awb-caption-title-font-weight:var(--h2_typography-font-weight);--awb-caption-title-font-style:var(--h2_typography-font-style);--awb-caption-title-size:var(--h2_typography-font-size);--awb-caption-title-transform:var(--h2_typography-text-transform);--awb-caption-title-line-height:var(--h2_typography-line-height);--awb-caption-title-letter-spacing:var(--h2_typography-letter-spacing);\"><span class=\" fusion-imageframe imageframe-none imageframe-1 hover-type-none\"><img decoding=\"async\" width=\"800\" height=\"800\" title=\"DKKD_Stadtbib\" src=\"https:\/\/denkmalkunst-kunstdenkmal.de\/osterode\/wp-content\/uploads\/sites\/3\/2019\/08\/DKKD_Stadtbib.jpg\" alt class=\"img-responsive wp-image-2137\" srcset=\"https:\/\/denkmalkunst-kunstdenkmal.de\/osterode\/wp-content\/uploads\/sites\/3\/2019\/08\/DKKD_Stadtbib-200x200.jpg 200w, https:\/\/denkmalkunst-kunstdenkmal.de\/osterode\/wp-content\/uploads\/sites\/3\/2019\/08\/DKKD_Stadtbib-400x400.jpg 400w, https:\/\/denkmalkunst-kunstdenkmal.de\/osterode\/wp-content\/uploads\/sites\/3\/2019\/08\/DKKD_Stadtbib-600x600.jpg 600w, https:\/\/denkmalkunst-kunstdenkmal.de\/osterode\/wp-content\/uploads\/sites\/3\/2019\/08\/DKKD_Stadtbib.jpg 800w\" sizes=\"(max-width: 800px) 100vw, 600px\" \/><\/span><\/div><div class=\"fusion-clearfix\"><\/div><\/div><\/div><div class=\"fusion-layout-column fusion_builder_column fusion-builder-column-1 fusion_builder_column_1_2 1_2 fusion-one-half fusion-column-last\" style=\"--awb-bg-size:cover;width:50%;width:calc(50% - ( ( 4% ) * 0.5 ) );\"><div class=\"fusion-column-wrapper fusion-flex-column-wrapper-legacy\"><div class=\"fusion-image-element in-legacy-container\" style=\"--awb-caption-title-font-family:var(--h2_typography-font-family);--awb-caption-title-font-weight:var(--h2_typography-font-weight);--awb-caption-title-font-style:var(--h2_typography-font-style);--awb-caption-title-size:var(--h2_typography-font-size);--awb-caption-title-transform:var(--h2_typography-text-transform);--awb-caption-title-line-height:var(--h2_typography-line-height);--awb-caption-title-letter-spacing:var(--h2_typography-letter-spacing);\"><span class=\" fusion-imageframe imageframe-none imageframe-2 hover-type-none\"><img decoding=\"async\" src=\"https:\/\/denkmalkunst-kunstdenkmal.de\/wp\/hann-muenden\/wp-content\/uploads\/sites\/2\/2019\/02\/bild_dummy_quadratisch.jpg\" alt class=\"img-responsive\"\/><\/span><\/div><div class=\"fusion-clearfix\"><\/div><\/div><\/div><\/div><\/div><div class=\"fusion-fullwidth fullwidth-box fusion-builder-row-2 nonhundred-percent-fullwidth non-hundred-percent-height-scrolling\" style=\"--awb-border-radius-top-left:0px;--awb-border-radius-top-right:0px;--awb-border-radius-bottom-right:0px;--awb-border-radius-bottom-left:0px;--awb-margin-top:60px;--awb-flex-wrap:wrap;\" ><div class=\"fusion-builder-row fusion-row\"><div class=\"fusion-layout-column fusion_builder_column fusion-builder-column-2 fusion_builder_column_1_1 1_1 fusion-one-full fusion-column-first fusion-column-last\" style=\"--awb-bg-size:cover;\"><div class=\"fusion-column-wrapper fusion-flex-column-wrapper-legacy\"><div class=\"fusion-text fusion-text-1\"><p class=\"p1\"><span class=\"s1\"><b>Blumsches Haus \u2013 H\u00f6here T\u00f6chterschule (Luisenschule) <\/b><strong>\u2013 <\/strong><\/span><span class=\"s1\"><strong>Scheffelstra\u00dfe 14<\/strong><br \/>\n<em>Textquelle: Stadtarchiv Osterode \u2013 Textfassung: Heike Grobis \u2013 Foto: Lutz Kr\u00e4tzschmar<\/em><br \/>\n<\/span><\/p>\n<p class=\"p4\"><span class=\"s1\"><span class=\"Apple-converted-space\">\u00a0\u00a0 \u00a0 <\/span>Das Grundst\u00fcck ist bis zu einem Brand 1826 im Besitz der Fabrikanten-Familie <\/span><span class=\"s2\">Schachtrupp<\/span><span class=\"s1\"> (vgl. \u201eHintergeb\u00e4ude\u201c). Anstelle von zwei abgebrannten H\u00e4usern errichtete hier 1827 <\/span><span class=\"s2\">Berghandlungsfaktor Blum<\/span><span class=\"s1\"> sein Haus. Das Haus ist freistehend, aus <\/span><span class=\"s2\">Brandschutzgr\u00fcnden<\/span><span class=\"s1\"> mit Bauwich zu beiden Seiten. Es handelt sich um einen Fachwerkbau mit Zwerchhaus stra\u00dfenseitig. <\/span><span class=\"s2\">Teilunterkellert<\/span><span class=\"s1\"> mit <\/span><span class=\"s2\">Gew\u00f6lbe-Keller<\/span><span class=\"s1\">; Zugang vom Hof. Der obere T\u00fcrsturz ist dicht \u00fcber der Erdoberfl\u00e4che noch erkennbar. Zudem wird das Haus durch einen Teil des langgestreckten <\/span><span class=\"s2\">Gangkellers<\/span><span class=\"s1\"> des <\/span><span class=\"s2\">Hintergeb\u00e4udes<\/span><span class=\"s1\"> unterquert.<span class=\"Apple-converted-space\">\u00a0 <\/span>&#8211;<span class=\"Apple-converted-space\">\u00a0 <\/span>Wohl aus der Erbauungszeit stammt die <\/span><span class=\"s2\">Biedermeiert\u00fcr<\/span><span class=\"s1\"> an der Seite zu Nr. 16.<\/span><\/p>\n<p class=\"p4\"><span class=\"s1\"><span class=\"Apple-converted-space\">\u00a0\u00a0 \u00a0 <\/span>Der Erbauer <\/span><span class=\"s2\">Georg Heinrich Blum<\/span><span class=\"s1\"> ist Kaufmann aus Northeim, ab 1813<span class=\"Apple-converted-space\">\u00a0 <\/span>Administrator beim Oberfactor Johann Friedrich <\/span><span class=\"s2\">Schachtrupp<\/span><span class=\"s1\">; sp\u00e4ter Berghandlungsfactor und Fabrikant, Erbauer der Blum`schen Tuchfabrik, \u2020 1865.<\/span><\/p>\n<p class=\"p4\"><span class=\"s1\"><span class=\"Apple-converted-space\">\u00a0\u00a0 \u00a0 <\/span>Erste Parochialschulen auch f\u00fcr M\u00e4dchen gab es bereits im 16. Jh., sp\u00e4ter B\u00fcrgerm\u00e4dchenschulen. 1830 gr\u00fcndeten Apotheker Borntr\u00e4ger und <\/span><span class=\"s2\">Berghandlungsfaktor Blum<\/span><span class=\"s1\"> die <\/span><span class=\"s2\">H\u00f6here T\u00f6chterschule<\/span><span class=\"s1\"> im Eckhaus Scheffel-\/Marktstra\u00dfe. Unterrichtet wurde Lesen, Religion, Recht- und Sch\u00f6nschreiben, Geschichte, Geografie, Mythologie, Singen, Franz\u00f6sisch, N\u00e4hen, Stricken und sonstige Handarbeiten.<span class=\"Apple-converted-space\">\u00a0 <\/span>Die Gr\u00fcndung aus Privatinitiative ist ein Zeichen des <\/span><span class=\"s2\">Bildungsb\u00fcrgertums<\/span><span class=\"s1\"> im 19. Jhdt. <\/span><span class=\"s2\">1908<\/span><span class=\"s1\"> zog die H\u00f6here T\u00f6chterschule aus den vorherigen Schulr\u00e4umen im Schachtrupp-Palais um in das Blum\u2019sche Wohnhaus. Wohl war das Haus in st\u00e4dtischem Besitz, die Schule selbst war trotzdem immer noch eine private. &#8211;<span class=\"Apple-converted-space\">\u00a0 <\/span>Im Dachgeschoss gab es ein durchlaufendes Fensterband, da sich hier der Zeichensaal befand. Zwar wurden Jungen und M\u00e4dchen gemeinsam unterrichtet, aber getrennt: die M\u00e4dchen sa\u00dfen auf den hinteren B\u00e4nken. <\/span><\/p>\n<p class=\"p4\"><span class=\"s1\"><span class=\"Apple-converted-space\">\u00a0\u00a0 \u00a0 <\/span>Aus dieser H\u00f6heren T\u00f6chterschule wurde eine <\/span><span class=\"s2\">st\u00e4dtische M\u00e4dchenschule<\/span><span class=\"s1\"> und aus dieser 1930 das <\/span><span class=\"s2\">Luisen-Lyceum<\/span><span class=\"s1\">.<span class=\"Apple-converted-space\">\u00a0 <\/span>&#8211;<span class=\"Apple-converted-space\">\u00a0 <\/span>W\u00e4hrend der NS-Zeit gab es in der Oberstufe f\u00fcr M\u00e4dchen einen sprachlichen und einen hauswirtschaftlichen Zweig. Im letzteren stand der Dienst \u201eals Mutter\u201c und f\u00fcr die \u201eVolksgemeinschaft\u201c im Vordergrund. Daher wurden ab jetzt Jungen und M\u00e4dchen getrennt erzogen, damit den \u201eAnlagen und Aufgaben der M\u00e4dchen in Familie und Beruf\u201c besser Rechnung getragen werden kann.<\/span><\/p>\n<p class=\"p4\"><span class=\"s1\"><span class=\"Apple-converted-space\">\u00a0\u00a0 \u00a0 <\/span>1958 gab es hier im EG eine <\/span><span class=\"s2\">B\u00fccherausleihe<\/span><span class=\"s1\">, 1959 kam die <\/span><span class=\"s2\">Volkshochschule<\/span><span class=\"s1\"> Osterode e. V. dazu. 1971 wurde das Geb\u00e4ude durch die damals sog. <\/span><span class=\"s2\">Sonderschule<\/span><span class=\"s1\"> erg\u00e4nzt, und 1976 erfolgte der Umbau zur <\/span><span class=\"s2\">Stadtb\u00fccherei<\/span><span class=\"s1\">.\u00a0<\/span><\/p>\n<\/div><div class=\"fusion-clearfix\"><\/div><\/div><\/div><\/div><\/div><div class=\"fusion-fullwidth fullwidth-box fusion-builder-row-3 nonhundred-percent-fullwidth non-hundred-percent-height-scrolling\" style=\"--awb-border-radius-top-left:0px;--awb-border-radius-top-right:0px;--awb-border-radius-bottom-right:0px;--awb-border-radius-bottom-left:0px;--awb-margin-top:40px;--awb-flex-wrap:wrap;\" ><div class=\"fusion-builder-row fusion-row\"><div class=\"fusion-layout-column fusion_builder_column fusion-builder-column-3 fusion_builder_column_1_1 1_1 fusion-one-full fusion-column-first fusion-column-last\" style=\"--awb-bg-size:cover;\"><div class=\"fusion-column-wrapper fusion-flex-column-wrapper-legacy\"><div class=\"fusion-title title fusion-title-1 fusion-title-text fusion-title-size-two\" style=\"--awb-margin-top-small:0px;--awb-margin-right-small:0px;--awb-margin-bottom-small:20px;--awb-margin-left-small:0px;\"><h2 class=\"fusion-title-heading title-heading-left fusion-responsive-typography-calculated\" style=\"margin:0;--fontSize:40;line-height:1.5;\">Lage<\/h2><span class=\"awb-title-spacer\"><\/span><div class=\"title-sep-container\"><div class=\"title-sep sep-single sep-solid\" style=\"border-color:#dddddd;\"><\/div><\/div><\/div><div class=\"shortcode-map fusion-google-map fusion-maps-embed-type\"><iframe width=\"100%\" height=\"400px\" frameborder=\"0\" style=\"border:0\" src=\"https:\/\/www.google.com\/maps\/embed\/v1\/place?key=AIzaSyA-MEgC1TL1v0EcT4cZyKcL4-npNBgaDS0&language=de&q=Scheffelstra\u00dfe+14,+37520+Osterode+am+Harz&maptype=roadmap&zoom=17\" allowfullscreen><\/iframe><\/div><div class=\"fusion-clearfix\"><\/div><\/div><\/div><\/div><\/div><div class=\"fusion-fullwidth fullwidth-box fusion-builder-row-4 nonhundred-percent-fullwidth non-hundred-percent-height-scrolling\" style=\"--awb-border-radius-top-left:0px;--awb-border-radius-top-right:0px;--awb-border-radius-bottom-right:0px;--awb-border-radius-bottom-left:0px;--awb-padding-top:40px;--awb-flex-wrap:wrap;\" ><div class=\"fusion-builder-row fusion-row\"><div class=\"fusion-layout-column fusion_builder_column fusion-builder-column-4 fusion_builder_column_1_1 1_1 fusion-one-full fusion-column-first fusion-column-last\" style=\"--awb-bg-size:cover;\"><div class=\"fusion-column-wrapper fusion-flex-column-wrapper-legacy\"><div class=\"fusion-title title fusion-title-2 fusion-title-text fusion-title-size-two\" style=\"--awb-margin-top-small:0px;--awb-margin-right-small:0px;--awb-margin-bottom-small:20px;--awb-margin-left-small:0px;\"><h2 class=\"fusion-title-heading title-heading-left fusion-responsive-typography-calculated\" style=\"margin:0;--fontSize:40;line-height:1.5;\">Was geht ab in diesem Denkmal?<\/h2><span class=\"awb-title-spacer\"><\/span><div class=\"title-sep-container\"><div class=\"title-sep sep-single sep-solid\" style=\"border-color:#dddddd;\"><\/div><\/div><\/div><div class=\"fusion-clearfix\"><\/div><\/div><\/div><div class=\"fusion-layout-column fusion_builder_column fusion-builder-column-5 fusion_builder_column_1_2 1_2 fusion-one-half fusion-column-first\" style=\"--awb-bg-size:cover;width:50%;width:calc(50% - ( ( 4% ) * 0.5 ) );margin-right: 4%;\"><div class=\"fusion-column-wrapper fusion-flex-column-wrapper-legacy\"><div class=\"fusion-title title fusion-title-3 fusion-title-text fusion-title-size-three\" style=\"--awb-margin-top-small:0px;--awb-margin-right-small:0px;--awb-margin-bottom-small:20px;--awb-margin-left-small:0px;\"><h3 class=\"fusion-title-heading title-heading-left fusion-responsive-typography-calculated\" style=\"margin:0;--fontSize:30;line-height:1.41;\">Programm<\/h3><span class=\"awb-title-spacer\"><\/span><div class=\"title-sep-container\"><div class=\"title-sep sep-single sep-solid\" style=\"border-color:#dddddd;\"><\/div><\/div><\/div><div class=\"fusion-text fusion-text-2\"><p>[MEC id=&#8220;2140&#8243;]<\/p>\n<\/div><div class=\"fusion-clearfix\"><\/div><\/div><\/div><div class=\"fusion-layout-column fusion_builder_column fusion-builder-column-6 fusion_builder_column_1_2 1_2 fusion-one-half fusion-column-last\" style=\"--awb-bg-size:cover;width:50%;width:calc(50% - ( ( 4% ) * 0.5 ) );\"><div class=\"fusion-column-wrapper fusion-flex-column-wrapper-legacy\"><div class=\"fusion-title title fusion-title-4 fusion-title-text fusion-title-size-three\" style=\"--awb-margin-top-small:0px;--awb-margin-right-small:0px;--awb-margin-bottom-small:20px;--awb-margin-left-small:0px;\"><h3 class=\"fusion-title-heading title-heading-left fusion-responsive-typography-calculated\" style=\"margin:0;--fontSize:30;line-height:1.41;\">Kunst<\/h3><span class=\"awb-title-spacer\"><\/span><div class=\"title-sep-container\"><div class=\"title-sep sep-single sep-solid\" style=\"border-color:#dddddd;\"><\/div><\/div><\/div>[loop type=post category=kunst-im-denkmal-1 orderby=name order=ASC]\n<div style=\"height:70px;background-color:#f2f2f2f2;\"><p style=\"float:left\";>[field thumbnail-link width=70 height=70]\n<p style=\"margin-left:82px;padding-top:8px;font-size:18px;line-height:20px;font-weight:700;\">[field title-link]<br\/>\n<span style=\"font-size:14px;font-weight:400;\">[field excerpt words=8] \u2026 [link]<span style=\"font-weight:500;color:#eb8b2c;\">weiterlesen<\/span>[\/link]<\/span><\/p>\n<\/div>\n<hr style=\"clear:both;border:0px solid #fff;\">\n[\/loop]<div class=\"fusion-clearfix\"><\/div><\/div><\/div><\/div><\/div><\/p>\n","protected":false},"excerpt":{"rendered":"<p>\u2464 Stadtbibliothek<\/p>\n","protected":false},"author":6,"featured_media":2137,"comment_status":"closed","ping_status":"closed","sticky":false,"template":"","format":"standard","meta":{"footnotes":""},"categories":[5],"tags":[],"class_list":["post-2136","post","type-post","status-publish","format-standard","has-post-thumbnail","hentry","category-denkmal"],"_links":{"self":[{"href":"https:\/\/denkmalkunst-kunstdenkmal.de\/osterode\/wp-json\/wp\/v2\/posts\/2136","targetHints":{"allow":["GET"]}}],"collection":[{"href":"https:\/\/denkmalkunst-kunstdenkmal.de\/osterode\/wp-json\/wp\/v2\/posts"}],"about":[{"href":"https:\/\/denkmalkunst-kunstdenkmal.de\/osterode\/wp-json\/wp\/v2\/types\/post"}],"author":[{"embeddable":true,"href":"https:\/\/denkmalkunst-kunstdenkmal.de\/osterode\/wp-json\/wp\/v2\/users\/6"}],"replies":[{"embeddable":true,"href":"https:\/\/denkmalkunst-kunstdenkmal.de\/osterode\/wp-json\/wp\/v2\/comments?post=2136"}],"version-history":[{"count":5,"href":"https:\/\/denkmalkunst-kunstdenkmal.de\/osterode\/wp-json\/wp\/v2\/posts\/2136\/revisions"}],"predecessor-version":[{"id":2152,"href":"https:\/\/denkmalkunst-kunstdenkmal.de\/osterode\/wp-json\/wp\/v2\/posts\/2136\/revisions\/2152"}],"wp:featuredmedia":[{"embeddable":true,"href":"https:\/\/denkmalkunst-kunstdenkmal.de\/osterode\/wp-json\/wp\/v2\/media\/2137"}],"wp:attachment":[{"href":"https:\/\/denkmalkunst-kunstdenkmal.de\/osterode\/wp-json\/wp\/v2\/media?parent=2136"}],"wp:term":[{"taxonomy":"category","embeddable":true,"href":"https:\/\/denkmalkunst-kunstdenkmal.de\/osterode\/wp-json\/wp\/v2\/categories?post=2136"},{"taxonomy":"post_tag","embeddable":true,"href":"https:\/\/denkmalkunst-kunstdenkmal.de\/osterode\/wp-json\/wp\/v2\/tags?post=2136"}],"curies":[{"name":"wp","href":"https:\/\/api.w.org\/{rel}","templated":true}]}}