{"id":2060,"date":"2019-07-18T10:03:37","date_gmt":"2019-07-18T08:03:37","guid":{"rendered":"https:\/\/denkmalkunst-kunstdenkmal.de\/osterode\/?p=2060"},"modified":"2019-07-18T10:03:37","modified_gmt":"2019-07-18T08:03:37","slug":"vier-markante-buchstaben","status":"publish","type":"post","link":"https:\/\/denkmalkunst-kunstdenkmal.de\/osterode\/vier-markante-buchstaben\/","title":{"rendered":"Vier markante Buchstaben"},"content":{"rendered":"<div class=\"fusion-fullwidth fullwidth-box fusion-builder-row-1 nonhundred-percent-fullwidth non-hundred-percent-height-scrolling\" style=\"--awb-border-radius-top-left:0px;--awb-border-radius-top-right:0px;--awb-border-radius-bottom-right:0px;--awb-border-radius-bottom-left:0px;--awb-flex-wrap:wrap;\" ><div class=\"fusion-builder-row fusion-row\"><div class=\"fusion-layout-column fusion_builder_column fusion-builder-column-0 fusion_builder_column_1_1 1_1 fusion-one-full fusion-column-first fusion-column-last\" style=\"--awb-bg-size:cover;--awb-margin-bottom:0px;\"><div class=\"fusion-column-wrapper fusion-flex-column-wrapper-legacy\"><div class=\"fusion-text fusion-text-1\"><p>Vier markante DKKD-Buchstaben wurden von engagierten Berufsch\u00fcler*innen der franz\u00f6sischen Jugendgruppe aus Beaucaire erbaut und vom Team der Jugendwerkstatt Osterode am Harz nun fertiggestellt. Sie werden an einem markanten Ort in der Altstadt aufgestellt und sind Botschafter f\u00fcr das kommende Festival.<\/p>\n<p><em>Fotos\/Text: Stadt Osterode am Harz\/D. Junker<\/em><\/p>\n<\/div><div class=\"awb-gallery-wrapper awb-gallery-wrapper-1 button-span-no\" data-limit=\"10\" data-page=\"1\"><div style=\"margin:-5px;--awb-bordersize:0px;\" class=\"fusion-gallery fusion-gallery-container fusion-grid-3 fusion-columns-total-4 fusion-gallery-layout-grid fusion-gallery-1\"><div style=\"padding:5px;\" class=\"fusion-grid-column fusion-gallery-column fusion-gallery-column-3 hover-type-none\"><div class=\"fusion-gallery-image\"><a href=\"https:\/\/denkmalkunst-kunstdenkmal.de\/osterode\/wp-content\/uploads\/sites\/3\/2019\/07\/DKKD_2017_Buchstaben_02.jpg\" rel=\"noreferrer\" data-rel=\"iLightbox[gallery_image_1]\" class=\"fusion-lightbox\" target=\"_self\"><img decoding=\"async\" src=\"https:\/\/denkmalkunst-kunstdenkmal.de\/osterode\/wp-content\/uploads\/sites\/3\/2019\/07\/DKKD_2017_Buchstaben_02.jpg\" width=\"1152\" height=\"2048\" alt=\"\" title=\"DKKD_2017_Buchstaben_02\" aria-label=\"DKKD_2017_Buchstaben_02\" class=\"img-responsive wp-image-2062\" srcset=\"https:\/\/denkmalkunst-kunstdenkmal.de\/osterode\/wp-content\/uploads\/sites\/3\/2019\/07\/DKKD_2017_Buchstaben_02-200x356.jpg 200w, https:\/\/denkmalkunst-kunstdenkmal.de\/osterode\/wp-content\/uploads\/sites\/3\/2019\/07\/DKKD_2017_Buchstaben_02-400x711.jpg 400w, https:\/\/denkmalkunst-kunstdenkmal.de\/osterode\/wp-content\/uploads\/sites\/3\/2019\/07\/DKKD_2017_Buchstaben_02-600x1067.jpg 600w, https:\/\/denkmalkunst-kunstdenkmal.de\/osterode\/wp-content\/uploads\/sites\/3\/2019\/07\/DKKD_2017_Buchstaben_02-800x1422.jpg 800w, https:\/\/denkmalkunst-kunstdenkmal.de\/osterode\/wp-content\/uploads\/sites\/3\/2019\/07\/DKKD_2017_Buchstaben_02.jpg 1152w\" sizes=\"(min-width: 2200px) 100vw, (min-width: 824px) 363px, (min-width: 732px) 545px, (min-width: 640px) 732px, \" \/><\/a><\/div><\/div><div style=\"padding:5px;\" class=\"fusion-grid-column fusion-gallery-column fusion-gallery-column-3 hover-type-none\"><div class=\"fusion-gallery-image\"><a href=\"https:\/\/denkmalkunst-kunstdenkmal.de\/osterode\/wp-content\/uploads\/sites\/3\/2019\/07\/DKKD_2017_Buchstaben_01.jpg\" rel=\"noreferrer\" data-rel=\"iLightbox[gallery_image_1]\" class=\"fusion-lightbox\" target=\"_self\"><img decoding=\"async\" src=\"https:\/\/denkmalkunst-kunstdenkmal.de\/osterode\/wp-content\/uploads\/sites\/3\/2019\/07\/DKKD_2017_Buchstaben_01.jpg\" width=\"1536\" height=\"2048\" alt=\"\" title=\"DKKD_2017_Buchstaben_01\" aria-label=\"DKKD_2017_Buchstaben_01\" class=\"img-responsive wp-image-2061\" srcset=\"https:\/\/denkmalkunst-kunstdenkmal.de\/osterode\/wp-content\/uploads\/sites\/3\/2019\/07\/DKKD_2017_Buchstaben_01-200x267.jpg 200w, https:\/\/denkmalkunst-kunstdenkmal.de\/osterode\/wp-content\/uploads\/sites\/3\/2019\/07\/DKKD_2017_Buchstaben_01-400x533.jpg 400w, https:\/\/denkmalkunst-kunstdenkmal.de\/osterode\/wp-content\/uploads\/sites\/3\/2019\/07\/DKKD_2017_Buchstaben_01-600x800.jpg 600w, https:\/\/denkmalkunst-kunstdenkmal.de\/osterode\/wp-content\/uploads\/sites\/3\/2019\/07\/DKKD_2017_Buchstaben_01-800x1067.jpg 800w, https:\/\/denkmalkunst-kunstdenkmal.de\/osterode\/wp-content\/uploads\/sites\/3\/2019\/07\/DKKD_2017_Buchstaben_01-1200x1600.jpg 1200w, https:\/\/denkmalkunst-kunstdenkmal.de\/osterode\/wp-content\/uploads\/sites\/3\/2019\/07\/DKKD_2017_Buchstaben_01.jpg 1536w\" sizes=\"(min-width: 2200px) 100vw, (min-width: 824px) 363px, (min-width: 732px) 545px, (min-width: 640px) 732px, \" \/><\/a><\/div><\/div><div style=\"padding:5px;\" class=\"fusion-grid-column fusion-gallery-column fusion-gallery-column-3 hover-type-none\"><div class=\"fusion-gallery-image\"><a href=\"https:\/\/denkmalkunst-kunstdenkmal.de\/osterode\/wp-content\/uploads\/sites\/3\/2019\/07\/DKKD_2017_Buchstaben_03.jpg\" rel=\"noreferrer\" data-rel=\"iLightbox[gallery_image_1]\" class=\"fusion-lightbox\" target=\"_self\"><img decoding=\"async\" src=\"https:\/\/denkmalkunst-kunstdenkmal.de\/osterode\/wp-content\/uploads\/sites\/3\/2019\/07\/DKKD_2017_Buchstaben_03.jpg\" width=\"2048\" height=\"1536\" alt=\"\" title=\"DKKD_2017_Buchstaben_03\" aria-label=\"DKKD_2017_Buchstaben_03\" class=\"img-responsive wp-image-2063\" srcset=\"https:\/\/denkmalkunst-kunstdenkmal.de\/osterode\/wp-content\/uploads\/sites\/3\/2019\/07\/DKKD_2017_Buchstaben_03-200x150.jpg 200w, https:\/\/denkmalkunst-kunstdenkmal.de\/osterode\/wp-content\/uploads\/sites\/3\/2019\/07\/DKKD_2017_Buchstaben_03-400x300.jpg 400w, https:\/\/denkmalkunst-kunstdenkmal.de\/osterode\/wp-content\/uploads\/sites\/3\/2019\/07\/DKKD_2017_Buchstaben_03-600x450.jpg 600w, https:\/\/denkmalkunst-kunstdenkmal.de\/osterode\/wp-content\/uploads\/sites\/3\/2019\/07\/DKKD_2017_Buchstaben_03-800x600.jpg 800w, https:\/\/denkmalkunst-kunstdenkmal.de\/osterode\/wp-content\/uploads\/sites\/3\/2019\/07\/DKKD_2017_Buchstaben_03-1200x900.jpg 1200w, https:\/\/denkmalkunst-kunstdenkmal.de\/osterode\/wp-content\/uploads\/sites\/3\/2019\/07\/DKKD_2017_Buchstaben_03.jpg 2048w\" sizes=\"(min-width: 2200px) 100vw, (min-width: 824px) 363px, (min-width: 732px) 545px, (min-width: 640px) 732px, \" \/><\/a><\/div><\/div><div class=\"clearfix\"><\/div><div style=\"padding:5px;\" class=\"fusion-grid-column fusion-gallery-column fusion-gallery-column-3 hover-type-none\"><div class=\"fusion-gallery-image\"><a href=\"https:\/\/denkmalkunst-kunstdenkmal.de\/osterode\/wp-content\/uploads\/sites\/3\/2019\/07\/DKKD_2017_Buchstaben_04.jpg\" rel=\"noreferrer\" data-rel=\"iLightbox[gallery_image_1]\" class=\"fusion-lightbox\" target=\"_self\"><img decoding=\"async\" src=\"https:\/\/denkmalkunst-kunstdenkmal.de\/osterode\/wp-content\/uploads\/sites\/3\/2019\/07\/DKKD_2017_Buchstaben_04.jpg\" width=\"2048\" height=\"1536\" alt=\"\" title=\"DKKD_2017_Buchstaben_04\" aria-label=\"DKKD_2017_Buchstaben_04\" class=\"img-responsive wp-image-2064\" srcset=\"https:\/\/denkmalkunst-kunstdenkmal.de\/osterode\/wp-content\/uploads\/sites\/3\/2019\/07\/DKKD_2017_Buchstaben_04-200x150.jpg 200w, https:\/\/denkmalkunst-kunstdenkmal.de\/osterode\/wp-content\/uploads\/sites\/3\/2019\/07\/DKKD_2017_Buchstaben_04-400x300.jpg 400w, https:\/\/denkmalkunst-kunstdenkmal.de\/osterode\/wp-content\/uploads\/sites\/3\/2019\/07\/DKKD_2017_Buchstaben_04-600x450.jpg 600w, https:\/\/denkmalkunst-kunstdenkmal.de\/osterode\/wp-content\/uploads\/sites\/3\/2019\/07\/DKKD_2017_Buchstaben_04-800x600.jpg 800w, https:\/\/denkmalkunst-kunstdenkmal.de\/osterode\/wp-content\/uploads\/sites\/3\/2019\/07\/DKKD_2017_Buchstaben_04-1200x900.jpg 1200w, https:\/\/denkmalkunst-kunstdenkmal.de\/osterode\/wp-content\/uploads\/sites\/3\/2019\/07\/DKKD_2017_Buchstaben_04.jpg 2048w\" sizes=\"(min-width: 2200px) 100vw, (min-width: 824px) 363px, (min-width: 732px) 545px, (min-width: 640px) 732px, \" \/><\/a><\/div><\/div><\/div><\/div><div class=\"fusion-clearfix\"><\/div><\/div><\/div><\/div><\/div>\n","protected":false},"excerpt":{"rendered":"<p>\u00dcbergro\u00dfe Lettern werben f\u00fcr das DenkmalKunst-Festival in Osterode<\/p>\n","protected":false},"author":6,"featured_media":2066,"comment_status":"closed","ping_status":"closed","sticky":false,"template":"","format":"standard","meta":{"footnotes":""},"categories":[1],"tags":[],"class_list":["post-2060","post","type-post","status-publish","format-standard","has-post-thumbnail","hentry","category-aktuelles"],"_links":{"self":[{"href":"https:\/\/denkmalkunst-kunstdenkmal.de\/osterode\/wp-json\/wp\/v2\/posts\/2060","targetHints":{"allow":["GET"]}}],"collection":[{"href":"https:\/\/denkmalkunst-kunstdenkmal.de\/osterode\/wp-json\/wp\/v2\/posts"}],"about":[{"href":"https:\/\/denkmalkunst-kunstdenkmal.de\/osterode\/wp-json\/wp\/v2\/types\/post"}],"author":[{"embeddable":true,"href":"https:\/\/denkmalkunst-kunstdenkmal.de\/osterode\/wp-json\/wp\/v2\/users\/6"}],"replies":[{"embeddable":true,"href":"https:\/\/denkmalkunst-kunstdenkmal.de\/osterode\/wp-json\/wp\/v2\/comments?post=2060"}],"version-history":[{"count":1,"href":"https:\/\/denkmalkunst-kunstdenkmal.de\/osterode\/wp-json\/wp\/v2\/posts\/2060\/revisions"}],"predecessor-version":[{"id":2065,"href":"https:\/\/denkmalkunst-kunstdenkmal.de\/osterode\/wp-json\/wp\/v2\/posts\/2060\/revisions\/2065"}],"wp:featuredmedia":[{"embeddable":true,"href":"https:\/\/denkmalkunst-kunstdenkmal.de\/osterode\/wp-json\/wp\/v2\/media\/2066"}],"wp:attachment":[{"href":"https:\/\/denkmalkunst-kunstdenkmal.de\/osterode\/wp-json\/wp\/v2\/media?parent=2060"}],"wp:term":[{"taxonomy":"category","embeddable":true,"href":"https:\/\/denkmalkunst-kunstdenkmal.de\/osterode\/wp-json\/wp\/v2\/categories?post=2060"},{"taxonomy":"post_tag","embeddable":true,"href":"https:\/\/denkmalkunst-kunstdenkmal.de\/osterode\/wp-json\/wp\/v2\/tags?post=2060"}],"curies":[{"name":"wp","href":"https:\/\/api.w.org\/{rel}","templated":true}]}}