{"id":104,"date":"2019-02-17T20:12:04","date_gmt":"2019-02-17T19:12:04","guid":{"rendered":"https:\/\/denkmalkunst-kunstdenkmal.de\/wp\/osterode\/?p=104"},"modified":"2019-07-11T12:57:43","modified_gmt":"2019-07-11T10:57:43","slug":"am-schilde-19","status":"publish","type":"post","link":"https:\/\/denkmalkunst-kunstdenkmal.de\/osterode\/am-schilde-19\/","title":{"rendered":"Am Schilde 19"},"content":{"rendered":"<p><div class=\"fusion-fullwidth fullwidth-box fusion-builder-row-1 nonhundred-percent-fullwidth non-hundred-percent-height-scrolling\" style=\"--awb-border-radius-top-left:0px;--awb-border-radius-top-right:0px;--awb-border-radius-bottom-right:0px;--awb-border-radius-bottom-left:0px;--awb-flex-wrap:wrap;\" ><div class=\"fusion-builder-row fusion-row\"><div class=\"fusion-layout-column fusion_builder_column fusion-builder-column-0 fusion_builder_column_1_2 1_2 fusion-one-half fusion-column-first\" style=\"--awb-bg-size:cover;width:50%;width:calc(50% - ( ( 4% ) * 0.5 ) );margin-right: 4%;\"><div class=\"fusion-column-wrapper fusion-flex-column-wrapper-legacy\"><div class=\"fusion-image-element in-legacy-container\" style=\"--awb-caption-title-font-family:var(--h2_typography-font-family);--awb-caption-title-font-weight:var(--h2_typography-font-weight);--awb-caption-title-font-style:var(--h2_typography-font-style);--awb-caption-title-size:var(--h2_typography-font-size);--awb-caption-title-transform:var(--h2_typography-text-transform);--awb-caption-title-line-height:var(--h2_typography-line-height);--awb-caption-title-letter-spacing:var(--h2_typography-letter-spacing);\"><span class=\" fusion-imageframe imageframe-none imageframe-1 hover-type-none\"><img decoding=\"async\" width=\"800\" height=\"800\" title=\"DKKD_OHA_Denkmal_031\" src=\"https:\/\/denkmalkunst-kunstdenkmal.de\/wp\/osterode\/wp-content\/uploads\/sites\/3\/2019\/02\/DKKD_OHA_Denkmal_031.jpg\" alt class=\"img-responsive wp-image-197\" srcset=\"https:\/\/denkmalkunst-kunstdenkmal.de\/osterode\/wp-content\/uploads\/sites\/3\/2019\/02\/DKKD_OHA_Denkmal_031-200x200.jpg 200w, https:\/\/denkmalkunst-kunstdenkmal.de\/osterode\/wp-content\/uploads\/sites\/3\/2019\/02\/DKKD_OHA_Denkmal_031-400x400.jpg 400w, https:\/\/denkmalkunst-kunstdenkmal.de\/osterode\/wp-content\/uploads\/sites\/3\/2019\/02\/DKKD_OHA_Denkmal_031-600x600.jpg 600w, https:\/\/denkmalkunst-kunstdenkmal.de\/osterode\/wp-content\/uploads\/sites\/3\/2019\/02\/DKKD_OHA_Denkmal_031.jpg 800w\" sizes=\"(max-width: 800px) 100vw, 600px\" \/><\/span><\/div><div class=\"fusion-clearfix\"><\/div><\/div><\/div><div class=\"fusion-layout-column fusion_builder_column fusion-builder-column-1 fusion_builder_column_1_2 1_2 fusion-one-half fusion-column-last\" style=\"--awb-bg-size:cover;width:50%;width:calc(50% - ( ( 4% ) * 0.5 ) );\"><div class=\"fusion-column-wrapper fusion-flex-column-wrapper-legacy\"><div class=\"fusion-image-element in-legacy-container\" style=\"--awb-caption-title-font-family:var(--h2_typography-font-family);--awb-caption-title-font-weight:var(--h2_typography-font-weight);--awb-caption-title-font-style:var(--h2_typography-font-style);--awb-caption-title-size:var(--h2_typography-font-size);--awb-caption-title-transform:var(--h2_typography-text-transform);--awb-caption-title-line-height:var(--h2_typography-line-height);--awb-caption-title-letter-spacing:var(--h2_typography-letter-spacing);\"><span class=\" fusion-imageframe imageframe-none imageframe-2 hover-type-none\"><img decoding=\"async\" width=\"800\" height=\"800\" title=\"DKKD_OHA_Denkmal_032\" src=\"https:\/\/denkmalkunst-kunstdenkmal.de\/wp\/osterode\/wp-content\/uploads\/sites\/3\/2019\/02\/DKKD_OHA_Denkmal_032.jpg\" alt class=\"img-responsive wp-image-198\" srcset=\"https:\/\/denkmalkunst-kunstdenkmal.de\/osterode\/wp-content\/uploads\/sites\/3\/2019\/02\/DKKD_OHA_Denkmal_032-200x200.jpg 200w, https:\/\/denkmalkunst-kunstdenkmal.de\/osterode\/wp-content\/uploads\/sites\/3\/2019\/02\/DKKD_OHA_Denkmal_032-400x400.jpg 400w, https:\/\/denkmalkunst-kunstdenkmal.de\/osterode\/wp-content\/uploads\/sites\/3\/2019\/02\/DKKD_OHA_Denkmal_032-600x600.jpg 600w, https:\/\/denkmalkunst-kunstdenkmal.de\/osterode\/wp-content\/uploads\/sites\/3\/2019\/02\/DKKD_OHA_Denkmal_032.jpg 800w\" sizes=\"(max-width: 800px) 100vw, 600px\" \/><\/span><\/div><div class=\"fusion-clearfix\"><\/div><\/div><\/div><\/div><\/div><div class=\"fusion-fullwidth fullwidth-box fusion-builder-row-2 nonhundred-percent-fullwidth non-hundred-percent-height-scrolling\" style=\"--awb-border-radius-top-left:0px;--awb-border-radius-top-right:0px;--awb-border-radius-bottom-right:0px;--awb-border-radius-bottom-left:0px;--awb-margin-top:60px;--awb-flex-wrap:wrap;\" ><div class=\"fusion-builder-row fusion-row\"><div class=\"fusion-layout-column fusion_builder_column fusion-builder-column-2 fusion_builder_column_1_1 1_1 fusion-one-full fusion-column-first fusion-column-last\" style=\"--awb-bg-size:cover;\"><div class=\"fusion-column-wrapper fusion-flex-column-wrapper-legacy\"><div class=\"fusion-text fusion-text-1\"><p><strong>Am Schilde 19<br \/>\n<\/strong><em>Textquellen: Stadtarchiv Osterode \u00b7 Textfassung: Heike Grobis \u00b7 Fotos: Daniel Li<\/em><strong><br \/>\n<\/strong><\/p>\n<p>Was heute aussieht wie ein modernes Gegenst\u00fcck zu dem sp\u00e4tmittelalterlichen Fachwerkbau mit Toreinfahrt als direkter Nachbar, entpuppt sich in Wirklichkeit als ein Geb\u00e4ude mit zwei \u201eDoppelhaush\u00e4lften<i>\u201c<\/i>. Genauer: Urspr\u00fcnglich bildet Nr. 19 zusammen mit Nr. 17 ein einziges Baugrundst\u00fcck, wohl bereits seit den 1530er Jahren. Sp\u00e4testens nach dem Stadtbrand 1545 wird es 1556 gleichzeitig mit zwei H\u00e4usern von Hans Niemeier neu bebaut. Wohl gegen 1589 ist ein C. Dortmunden der letzte, der Nr. 17 und Nr. 19 gemeinsam besitzt\/bewohnt. \u2013 Auf jeden Fall ist Nr. 19 seinerzeit wohl eine Art \u201eZwilling\u201c zu Nr. 17, ebenfalls mit Sonnenrosen (F\u00e4cherrosetten) und Tor. Schmuck und Balkenlage haben direkten Anschluss an das Nachbarhaus, woraus man schlie\u00dfen kann, dass beide H\u00e4user urspr\u00fcnglich eine Einheit bilden. Auch der abgeschnittene Halbkreis von Nr. 17, der pl\u00f6tzlich an der Fassade von Nr. 19 endet, weist darauf hin, dass sich dieser in einer Linie seinerzeit auf der Fassade von Nr. 19 fortsetzt. <span class=\"Apple-converted-space\">\u00a0<\/span><\/p>\n<p>Besitzer bzw. Bewohner sind seit dem 17. Jh. ein Glasermeister, ein Sattlermeister und Ratsherr, ein Ratskellerwirt, Zeugmacher Dameral (Mitglied einer sp\u00e4ter in Osterode bedeutenden Tuchfabrikantenfamilie), mehrere Schuster sowie 1797 Stadtwachtmeister Jean Louis Sanchee aus dem franz\u00f6sischen Languedoc.<\/p>\n<p>In den 1960er Jahren moderner Umbau in ein Optikerfachgesch\u00e4ft (w\u00e4hrend dessen o. g. Schmuckelemente wiederentdeckt wurden); zugleich entstehen moderne Wohneinheiten. Weitere Modernisierung seit den 1980er Jahren. Mittlerweile Leerstand der Ladenfl\u00e4che. Der mittelalterliche Keller wurde beim Umbau verf\u00fcllt; der Dachboden zieht sich nach wie vor \u00fcber beide Haush\u00e4lften.<span class=\"Apple-converted-space\">\u00a0<\/span><\/p>\n<\/div><div class=\"fusion-clearfix\"><\/div><\/div><\/div><\/div><\/div><div class=\"fusion-fullwidth fullwidth-box fusion-builder-row-3 nonhundred-percent-fullwidth non-hundred-percent-height-scrolling\" style=\"--awb-border-radius-top-left:0px;--awb-border-radius-top-right:0px;--awb-border-radius-bottom-right:0px;--awb-border-radius-bottom-left:0px;--awb-margin-top:40px;--awb-flex-wrap:wrap;\" ><div class=\"fusion-builder-row fusion-row\"><div class=\"fusion-layout-column fusion_builder_column fusion-builder-column-3 fusion_builder_column_1_1 1_1 fusion-one-full fusion-column-first fusion-column-last\" style=\"--awb-bg-size:cover;\"><div class=\"fusion-column-wrapper fusion-flex-column-wrapper-legacy\"><div class=\"fusion-title title fusion-title-1 fusion-title-text fusion-title-size-two\" style=\"--awb-margin-top-small:0px;--awb-margin-right-small:0px;--awb-margin-bottom-small:20px;--awb-margin-left-small:0px;\"><h2 class=\"fusion-title-heading title-heading-left fusion-responsive-typography-calculated\" style=\"margin:0;--fontSize:40;line-height:1.5;\">Lage<\/h2><span class=\"awb-title-spacer\"><\/span><div class=\"title-sep-container\"><div class=\"title-sep sep-single sep-solid\" style=\"border-color:#dddddd;\"><\/div><\/div><\/div><div class=\"shortcode-map fusion-google-map fusion-maps-embed-type\"><iframe width=\"100%\" height=\"400px\" frameborder=\"0\" style=\"border:0\" src=\"https:\/\/www.google.com\/maps\/embed\/v1\/place?key=AIzaSyA-MEgC1TL1v0EcT4cZyKcL4-npNBgaDS0&language=de&q=Am+Schilde+19,+37520+Osterode+am+Harz&maptype=roadmap&zoom=17\" allowfullscreen><\/iframe><\/div><div class=\"fusion-clearfix\"><\/div><\/div><\/div><\/div><\/div><div class=\"fusion-fullwidth fullwidth-box fusion-builder-row-4 nonhundred-percent-fullwidth non-hundred-percent-height-scrolling\" style=\"--awb-border-radius-top-left:0px;--awb-border-radius-top-right:0px;--awb-border-radius-bottom-right:0px;--awb-border-radius-bottom-left:0px;--awb-padding-top:40px;--awb-flex-wrap:wrap;\" ><div class=\"fusion-builder-row fusion-row\"><div class=\"fusion-layout-column fusion_builder_column fusion-builder-column-4 fusion_builder_column_1_1 1_1 fusion-one-full fusion-column-first fusion-column-last\" style=\"--awb-bg-size:cover;\"><div class=\"fusion-column-wrapper fusion-flex-column-wrapper-legacy\"><div class=\"fusion-title title fusion-title-2 fusion-title-text fusion-title-size-two\" style=\"--awb-margin-top-small:0px;--awb-margin-right-small:0px;--awb-margin-bottom-small:20px;--awb-margin-left-small:0px;\"><h2 class=\"fusion-title-heading title-heading-left fusion-responsive-typography-calculated\" style=\"margin:0;--fontSize:40;line-height:1.5;\">Was geht ab in diesem Denkmal?<\/h2><span class=\"awb-title-spacer\"><\/span><div class=\"title-sep-container\"><div class=\"title-sep sep-single sep-solid\" style=\"border-color:#dddddd;\"><\/div><\/div><\/div><div class=\"fusion-clearfix\"><\/div><\/div><\/div><div class=\"fusion-layout-column fusion_builder_column fusion-builder-column-5 fusion_builder_column_1_2 1_2 fusion-one-half fusion-column-first\" style=\"--awb-bg-size:cover;width:50%;width:calc(50% - ( ( 4% ) * 0.5 ) );margin-right: 4%;\"><div class=\"fusion-column-wrapper fusion-flex-column-wrapper-legacy\"><div class=\"fusion-title title fusion-title-3 fusion-title-text fusion-title-size-three\" style=\"--awb-margin-top-small:0px;--awb-margin-right-small:0px;--awb-margin-bottom-small:20px;--awb-margin-left-small:0px;\"><h3 class=\"fusion-title-heading title-heading-left fusion-responsive-typography-calculated\" style=\"margin:0;--fontSize:30;line-height:1.41;\">Programm<\/h3><span class=\"awb-title-spacer\"><\/span><div class=\"title-sep-container\"><div class=\"title-sep sep-single sep-solid\" style=\"border-color:#dddddd;\"><\/div><\/div><\/div><div class=\"fusion-text fusion-text-2\"><p>folgt \u2026<\/p>\n<\/div><div class=\"fusion-clearfix\"><\/div><\/div><\/div><div class=\"fusion-layout-column fusion_builder_column fusion-builder-column-6 fusion_builder_column_1_2 1_2 fusion-one-half fusion-column-last\" style=\"--awb-bg-size:cover;width:50%;width:calc(50% - ( ( 4% ) * 0.5 ) );\"><div class=\"fusion-column-wrapper fusion-flex-column-wrapper-legacy\"><div class=\"fusion-title title fusion-title-4 fusion-title-text fusion-title-size-three\" style=\"--awb-margin-top-small:0px;--awb-margin-right-small:0px;--awb-margin-bottom-small:20px;--awb-margin-left-small:0px;\"><h3 class=\"fusion-title-heading title-heading-left fusion-responsive-typography-calculated\" style=\"margin:0;--fontSize:30;line-height:1.41;\">Kunst<\/h3><span class=\"awb-title-spacer\"><\/span><div class=\"title-sep-container\"><div class=\"title-sep sep-single sep-solid\" style=\"border-color:#dddddd;\"><\/div><\/div><\/div>[loop type=post category=kunst-im-denkmal-am-schilde-19 orderby=name order=ASC]\n<div style=\"height:70px;background-color:#f2f2f2f2;\"><p style=\"float:left\";>[field thumbnail-link width=70 height=70]\n<p style=\"margin-left:82px;padding-top:8px;font-size:18px;line-height:20px;font-weight:700;\">[field title-link]<br\/>\n<span style=\"font-size:14px;font-weight:400;\">[field excerpt words=8] \u2026 [link]<span style=\"font-weight:500;color:#eb8b2c;\">weiterlesen<\/span>[\/link]<\/span><\/p>\n<\/div>\n<hr style=\"clear:both;border:0px solid #fff;\">\n[\/loop]<div class=\"fusion-clearfix\"><\/div><\/div><\/div><\/div><\/div><\/p>\n","protected":false},"excerpt":{"rendered":"<p>\u3251 Am Schilde 19<\/p>\n","protected":false},"author":6,"featured_media":197,"comment_status":"closed","ping_status":"closed","sticky":false,"template":"","format":"standard","meta":{"footnotes":""},"categories":[5],"tags":[],"class_list":["post-104","post","type-post","status-publish","format-standard","has-post-thumbnail","hentry","category-denkmal"],"_links":{"self":[{"href":"https:\/\/denkmalkunst-kunstdenkmal.de\/osterode\/wp-json\/wp\/v2\/posts\/104","targetHints":{"allow":["GET"]}}],"collection":[{"href":"https:\/\/denkmalkunst-kunstdenkmal.de\/osterode\/wp-json\/wp\/v2\/posts"}],"about":[{"href":"https:\/\/denkmalkunst-kunstdenkmal.de\/osterode\/wp-json\/wp\/v2\/types\/post"}],"author":[{"embeddable":true,"href":"https:\/\/denkmalkunst-kunstdenkmal.de\/osterode\/wp-json\/wp\/v2\/users\/6"}],"replies":[{"embeddable":true,"href":"https:\/\/denkmalkunst-kunstdenkmal.de\/osterode\/wp-json\/wp\/v2\/comments?post=104"}],"version-history":[{"count":5,"href":"https:\/\/denkmalkunst-kunstdenkmal.de\/osterode\/wp-json\/wp\/v2\/posts\/104\/revisions"}],"predecessor-version":[{"id":2018,"href":"https:\/\/denkmalkunst-kunstdenkmal.de\/osterode\/wp-json\/wp\/v2\/posts\/104\/revisions\/2018"}],"wp:featuredmedia":[{"embeddable":true,"href":"https:\/\/denkmalkunst-kunstdenkmal.de\/osterode\/wp-json\/wp\/v2\/media\/197"}],"wp:attachment":[{"href":"https:\/\/denkmalkunst-kunstdenkmal.de\/osterode\/wp-json\/wp\/v2\/media?parent=104"}],"wp:term":[{"taxonomy":"category","embeddable":true,"href":"https:\/\/denkmalkunst-kunstdenkmal.de\/osterode\/wp-json\/wp\/v2\/categories?post=104"},{"taxonomy":"post_tag","embeddable":true,"href":"https:\/\/denkmalkunst-kunstdenkmal.de\/osterode\/wp-json\/wp\/v2\/tags?post=104"}],"curies":[{"name":"wp","href":"https:\/\/api.w.org\/{rel}","templated":true}]}}