{"id":8114,"date":"2026-04-06T18:46:50","date_gmt":"2026-04-06T16:46:50","guid":{"rendered":"https:\/\/denkmalkunst-kunstdenkmal.de\/hann-muenden\/?p=8114"},"modified":"2026-04-22T15:20:08","modified_gmt":"2026-04-22T13:20:08","slug":"das-sonnenuhrenhaus-wird-zum-fruehen-blickfang","status":"publish","type":"post","link":"https:\/\/denkmalkunst-kunstdenkmal.de\/hann-muenden\/das-sonnenuhrenhaus-wird-zum-fruehen-blickfang\/","title":{"rendered":"Das Sonnenuhrenhaus &#8211; unser Blickfang"},"content":{"rendered":"<div class=\"fusion-fullwidth fullwidth-box fusion-builder-row-1 fusion-flex-container nonhundred-percent-fullwidth non-hundred-percent-height-scrolling\" style=\"--awb-border-radius-top-left:0px;--awb-border-radius-top-right:0px;--awb-border-radius-bottom-right:0px;--awb-border-radius-bottom-left:0px;--awb-flex-wrap:wrap;\" ><div class=\"fusion-builder-row fusion-row fusion-flex-align-items-flex-start fusion-flex-content-wrap\" style=\"max-width:1144px;margin-left: calc(-4% \/ 2 );margin-right: calc(-4% \/ 2 );\"><div class=\"fusion-layout-column fusion_builder_column fusion-builder-column-0 fusion_builder_column_1_1 1_1 fusion-flex-column\" style=\"--awb-bg-size:cover;--awb-width-large:100%;--awb-margin-top-large:0px;--awb-spacing-right-large:1.92%;--awb-margin-bottom-large:0px;--awb-spacing-left-large:1.92%;--awb-width-medium:100%;--awb-spacing-right-medium:1.92%;--awb-spacing-left-medium:1.92%;--awb-width-small:100%;--awb-spacing-right-small:1.92%;--awb-spacing-left-small:1.92%;\"><div class=\"fusion-column-wrapper fusion-flex-justify-content-flex-start fusion-content-layout-column\"><div class=\"fusion-text fusion-text-1\"><p>Es geh\u00f6rt zu den Prachtgeb\u00e4uden in Hann. M\u00fcnden &#8211; das Haus in der Langen Stra\u00dfe 20, auch Sonnenuhrenhaus genannt. Auf dem Torgew\u00e4nde ist der Name Matth\u00e4us Bruns als Bauherr und das Jahr 1592 zu lesen. Erstmals wird das f\u00fcnfgeschossige Fachwerkhaus schon weit vor dem Festival zum Werbetr\u00e4ger, denn die einladende Schaufensterfront verwandelt sich um Ostern zum sogenannten Sch(l)aufenster mit vielen Informationen zum Festival 2026.<\/p>\n<\/div><\/div><\/div><\/div><\/div>\n","protected":false},"excerpt":{"rendered":"","protected":false},"author":4,"featured_media":8127,"comment_status":"closed","ping_status":"closed","sticky":false,"template":"","format":"standard","meta":{"footnotes":""},"categories":[1],"tags":[],"class_list":["post-8114","post","type-post","status-publish","format-standard","has-post-thumbnail","hentry","category-aktuelles"],"_links":{"self":[{"href":"https:\/\/denkmalkunst-kunstdenkmal.de\/hann-muenden\/wp-json\/wp\/v2\/posts\/8114","targetHints":{"allow":["GET"]}}],"collection":[{"href":"https:\/\/denkmalkunst-kunstdenkmal.de\/hann-muenden\/wp-json\/wp\/v2\/posts"}],"about":[{"href":"https:\/\/denkmalkunst-kunstdenkmal.de\/hann-muenden\/wp-json\/wp\/v2\/types\/post"}],"author":[{"embeddable":true,"href":"https:\/\/denkmalkunst-kunstdenkmal.de\/hann-muenden\/wp-json\/wp\/v2\/users\/4"}],"replies":[{"embeddable":true,"href":"https:\/\/denkmalkunst-kunstdenkmal.de\/hann-muenden\/wp-json\/wp\/v2\/comments?post=8114"}],"version-history":[{"count":2,"href":"https:\/\/denkmalkunst-kunstdenkmal.de\/hann-muenden\/wp-json\/wp\/v2\/posts\/8114\/revisions"}],"predecessor-version":[{"id":8116,"href":"https:\/\/denkmalkunst-kunstdenkmal.de\/hann-muenden\/wp-json\/wp\/v2\/posts\/8114\/revisions\/8116"}],"wp:featuredmedia":[{"embeddable":true,"href":"https:\/\/denkmalkunst-kunstdenkmal.de\/hann-muenden\/wp-json\/wp\/v2\/media\/8127"}],"wp:attachment":[{"href":"https:\/\/denkmalkunst-kunstdenkmal.de\/hann-muenden\/wp-json\/wp\/v2\/media?parent=8114"}],"wp:term":[{"taxonomy":"category","embeddable":true,"href":"https:\/\/denkmalkunst-kunstdenkmal.de\/hann-muenden\/wp-json\/wp\/v2\/categories?post=8114"},{"taxonomy":"post_tag","embeddable":true,"href":"https:\/\/denkmalkunst-kunstdenkmal.de\/hann-muenden\/wp-json\/wp\/v2\/tags?post=8114"}],"curies":[{"name":"wp","href":"https:\/\/api.w.org\/{rel}","templated":true}]}}