{"id":8049,"date":"2026-02-28T09:47:51","date_gmt":"2026-02-28T08:47:51","guid":{"rendered":"https:\/\/denkmalkunst-kunstdenkmal.de\/hann-muenden\/?p=8049"},"modified":"2026-03-09T16:57:21","modified_gmt":"2026-03-09T15:57:21","slug":"premiere-im-jubilaeumsjahr","status":"publish","type":"post","link":"https:\/\/denkmalkunst-kunstdenkmal.de\/hann-muenden\/premiere-im-jubilaeumsjahr\/","title":{"rendered":"Premiere im Jubil\u00e4umsjahr"},"content":{"rendered":"<div class=\"fusion-fullwidth fullwidth-box fusion-builder-row-1 fusion-flex-container nonhundred-percent-fullwidth non-hundred-percent-height-scrolling\" style=\"--awb-border-radius-top-left:0px;--awb-border-radius-top-right:0px;--awb-border-radius-bottom-right:0px;--awb-border-radius-bottom-left:0px;--awb-flex-wrap:wrap;\" ><div class=\"fusion-builder-row fusion-row fusion-flex-align-items-flex-start fusion-flex-content-wrap\" style=\"max-width:1144px;margin-left: calc(-4% \/ 2 );margin-right: calc(-4% \/ 2 );\"><div class=\"fusion-layout-column fusion_builder_column fusion-builder-column-0 fusion_builder_column_1_1 1_1 fusion-flex-column\" style=\"--awb-bg-size:cover;--awb-width-large:100%;--awb-margin-top-large:0px;--awb-spacing-right-large:1.92%;--awb-margin-bottom-large:0px;--awb-spacing-left-large:1.92%;--awb-width-medium:100%;--awb-spacing-right-medium:1.92%;--awb-spacing-left-medium:1.92%;--awb-width-small:100%;--awb-spacing-right-small:1.92%;--awb-spacing-left-small:1.92%;\"><div class=\"fusion-column-wrapper fusion-flex-justify-content-flex-start fusion-content-layout-column\"><div class=\"fusion-text fusion-text-1\"><p class=\"p1\"><b>Der Bahnhof als Festival-Highlight<\/b><\/p>\n<p class=\"p1\">Am 8. Mai 1856 wurde das Geb\u00e4ude eingeweiht &#8211; vor genau 170 Jahren. Damit feiert der Bahnhof in diesem Jahr nicht nur einen runden Geburtstag, sondern ist erstmals auch <b>Veranstaltungsort des DKKD Kulturfestivals<\/b>.<\/p>\n<p class=\"p1\">Der pr\u00e4chtige Ziegelbau entstand unter der Mitwirkung von Conrad Wilhelm Hase, Gr\u00fcnder der Hannoverschen Architekturschule und k\u00f6niglicher Baurat. Als Pionier der Denkmalpflege setzte er sich leidenschaftlich f\u00fcr den Erhalt historischer Bausubstanz ein \u2013 eine Haltung, die perfekt zu unserem Motto <b>\u201eAlte H\u00e4user, neue Kunst\u201c<\/b> passt.<\/p>\n<p class=\"p1\">Foto: Hann. M\u00fcnden Marketing<\/p>\n<\/div><\/div><\/div><\/div><\/div>\n","protected":false},"excerpt":{"rendered":"","protected":false},"author":4,"featured_media":8048,"comment_status":"closed","ping_status":"closed","sticky":false,"template":"","format":"standard","meta":{"footnotes":""},"categories":[1],"tags":[],"class_list":["post-8049","post","type-post","status-publish","format-standard","has-post-thumbnail","hentry","category-aktuelles"],"_links":{"self":[{"href":"https:\/\/denkmalkunst-kunstdenkmal.de\/hann-muenden\/wp-json\/wp\/v2\/posts\/8049","targetHints":{"allow":["GET"]}}],"collection":[{"href":"https:\/\/denkmalkunst-kunstdenkmal.de\/hann-muenden\/wp-json\/wp\/v2\/posts"}],"about":[{"href":"https:\/\/denkmalkunst-kunstdenkmal.de\/hann-muenden\/wp-json\/wp\/v2\/types\/post"}],"author":[{"embeddable":true,"href":"https:\/\/denkmalkunst-kunstdenkmal.de\/hann-muenden\/wp-json\/wp\/v2\/users\/4"}],"replies":[{"embeddable":true,"href":"https:\/\/denkmalkunst-kunstdenkmal.de\/hann-muenden\/wp-json\/wp\/v2\/comments?post=8049"}],"version-history":[{"count":1,"href":"https:\/\/denkmalkunst-kunstdenkmal.de\/hann-muenden\/wp-json\/wp\/v2\/posts\/8049\/revisions"}],"predecessor-version":[{"id":8050,"href":"https:\/\/denkmalkunst-kunstdenkmal.de\/hann-muenden\/wp-json\/wp\/v2\/posts\/8049\/revisions\/8050"}],"wp:featuredmedia":[{"embeddable":true,"href":"https:\/\/denkmalkunst-kunstdenkmal.de\/hann-muenden\/wp-json\/wp\/v2\/media\/8048"}],"wp:attachment":[{"href":"https:\/\/denkmalkunst-kunstdenkmal.de\/hann-muenden\/wp-json\/wp\/v2\/media?parent=8049"}],"wp:term":[{"taxonomy":"category","embeddable":true,"href":"https:\/\/denkmalkunst-kunstdenkmal.de\/hann-muenden\/wp-json\/wp\/v2\/categories?post=8049"},{"taxonomy":"post_tag","embeddable":true,"href":"https:\/\/denkmalkunst-kunstdenkmal.de\/hann-muenden\/wp-json\/wp\/v2\/tags?post=8049"}],"curies":[{"name":"wp","href":"https:\/\/api.w.org\/{rel}","templated":true}]}}