{"id":7954,"date":"2025-12-04T16:51:23","date_gmt":"2025-12-04T15:51:23","guid":{"rendered":"https:\/\/denkmalkunst-kunstdenkmal.de\/hann-muenden\/?p=7954"},"modified":"2026-03-09T16:59:12","modified_gmt":"2026-03-09T15:59:12","slug":"denkmal-sucht-kunst","status":"publish","type":"post","link":"https:\/\/denkmalkunst-kunstdenkmal.de\/hann-muenden\/denkmal-sucht-kunst\/","title":{"rendered":"Denkmal sucht Kunst"},"content":{"rendered":"<div class=\"fusion-fullwidth fullwidth-box fusion-builder-row-1 fusion-flex-container nonhundred-percent-fullwidth non-hundred-percent-height-scrolling\" style=\"--awb-border-radius-top-left:0px;--awb-border-radius-top-right:0px;--awb-border-radius-bottom-right:0px;--awb-border-radius-bottom-left:0px;--awb-flex-wrap:wrap;\" ><div class=\"fusion-builder-row fusion-row fusion-flex-align-items-flex-start fusion-flex-content-wrap\" style=\"max-width:1144px;margin-left: calc(-4% \/ 2 );margin-right: calc(-4% \/ 2 );\"><div class=\"fusion-layout-column fusion_builder_column fusion-builder-column-0 fusion_builder_column_1_1 1_1 fusion-flex-column\" style=\"--awb-bg-size:cover;--awb-width-large:100%;--awb-margin-top-large:0px;--awb-spacing-right-large:1.92%;--awb-margin-bottom-large:0px;--awb-spacing-left-large:1.92%;--awb-width-medium:100%;--awb-spacing-right-medium:1.92%;--awb-spacing-left-medium:1.92%;--awb-width-small:100%;--awb-spacing-right-small:1.92%;--awb-spacing-left-small:1.92%;\"><div class=\"fusion-column-wrapper fusion-flex-justify-content-flex-start fusion-content-layout-column\"><div class=\"fusion-text fusion-text-1\"><p>T\u00fcr auf f\u00fcr Bewerbungen von K\u00fcnstler*innen! Unter dem Men\u00fcpunkt Info steht unser Bewerbungsformular f\u00fcr Euch bereit. Die PDF enth\u00e4lt alle notwendigen Informationen \u00fcber unsere Rahmenbedingungen und das Auswahlverfahren. Au\u00dferdem findet Ihr darin zwei Bewerbungsformulare, eines f\u00fcr Einzelausstellungen regionaler und \u00fcberregionaler K\u00fcnstler*innen und eines f\u00fcr Gruppen- und Gemeinschaftsausstellungen. Diese Alternative steht nur regionalen K\u00fcnstler*innen offen.<\/p>\n<p>Das gesamte Verfahren der Jurierung und Kuratierung wird von Ehrenamtlichen geleistet. Daher bitten wir um Akzeptanz f\u00fcr das formalisierte Verfahren. Wenn wir mit Euren Bewerbungen bereits den Text- und Bild-Content erhalten, den wir im Falle einer Zulassung f\u00fcr Webseite, Programmheft und Social Media brauchen, dann erleichtert uns das sehr die Arbeit.<\/p>\n<p>Bewerbungen sind m\u00f6glich bis zum 28.02.2026.<\/p>\n<p><a href=\"https:\/\/denkmalkunst-kunstdenkmal.de\/hann-muenden\/info\/\" target=\"_blank\" rel=\"noopener\">zur Infoseite<\/a><\/p>\n<p>Fotocredit Astrid Burkhardt<\/p>\n<\/div><\/div><\/div><\/div><\/div>\n","protected":false},"excerpt":{"rendered":"","protected":false},"author":4,"featured_media":7956,"comment_status":"closed","ping_status":"closed","sticky":false,"template":"","format":"standard","meta":{"footnotes":""},"categories":[1],"tags":[],"class_list":["post-7954","post","type-post","status-publish","format-standard","has-post-thumbnail","hentry","category-aktuelles"],"_links":{"self":[{"href":"https:\/\/denkmalkunst-kunstdenkmal.de\/hann-muenden\/wp-json\/wp\/v2\/posts\/7954","targetHints":{"allow":["GET"]}}],"collection":[{"href":"https:\/\/denkmalkunst-kunstdenkmal.de\/hann-muenden\/wp-json\/wp\/v2\/posts"}],"about":[{"href":"https:\/\/denkmalkunst-kunstdenkmal.de\/hann-muenden\/wp-json\/wp\/v2\/types\/post"}],"author":[{"embeddable":true,"href":"https:\/\/denkmalkunst-kunstdenkmal.de\/hann-muenden\/wp-json\/wp\/v2\/users\/4"}],"replies":[{"embeddable":true,"href":"https:\/\/denkmalkunst-kunstdenkmal.de\/hann-muenden\/wp-json\/wp\/v2\/comments?post=7954"}],"version-history":[{"count":3,"href":"https:\/\/denkmalkunst-kunstdenkmal.de\/hann-muenden\/wp-json\/wp\/v2\/posts\/7954\/revisions"}],"predecessor-version":[{"id":8061,"href":"https:\/\/denkmalkunst-kunstdenkmal.de\/hann-muenden\/wp-json\/wp\/v2\/posts\/7954\/revisions\/8061"}],"wp:featuredmedia":[{"embeddable":true,"href":"https:\/\/denkmalkunst-kunstdenkmal.de\/hann-muenden\/wp-json\/wp\/v2\/media\/7956"}],"wp:attachment":[{"href":"https:\/\/denkmalkunst-kunstdenkmal.de\/hann-muenden\/wp-json\/wp\/v2\/media?parent=7954"}],"wp:term":[{"taxonomy":"category","embeddable":true,"href":"https:\/\/denkmalkunst-kunstdenkmal.de\/hann-muenden\/wp-json\/wp\/v2\/categories?post=7954"},{"taxonomy":"post_tag","embeddable":true,"href":"https:\/\/denkmalkunst-kunstdenkmal.de\/hann-muenden\/wp-json\/wp\/v2\/tags?post=7954"}],"curies":[{"name":"wp","href":"https:\/\/api.w.org\/{rel}","templated":true}]}}