{"id":7744,"date":"2025-09-16T16:07:32","date_gmt":"2025-09-16T14:07:32","guid":{"rendered":"https:\/\/denkmalkunst-kunstdenkmal.de\/hann-muenden\/?p=7744"},"modified":"2026-03-09T17:01:19","modified_gmt":"2026-03-09T16:01:19","slug":"neuer_vorstand_uebernimmt_verantwortung","status":"publish","type":"post","link":"https:\/\/denkmalkunst-kunstdenkmal.de\/hann-muenden\/neuer_vorstand_uebernimmt_verantwortung\/","title":{"rendered":"Neuer Vorstand \u00fcbernimmt Verantwortung"},"content":{"rendered":"<div class=\"fusion-fullwidth fullwidth-box fusion-builder-row-1 fusion-flex-container nonhundred-percent-fullwidth non-hundred-percent-height-scrolling\" style=\"--awb-border-radius-top-left:0px;--awb-border-radius-top-right:0px;--awb-border-radius-bottom-right:0px;--awb-border-radius-bottom-left:0px;--awb-flex-wrap:wrap;\" ><div class=\"fusion-builder-row fusion-row fusion-flex-align-items-flex-start fusion-flex-content-wrap\" style=\"max-width:1144px;margin-left: calc(-4% \/ 2 );margin-right: calc(-4% \/ 2 );\"><div class=\"fusion-layout-column fusion_builder_column fusion-builder-column-0 fusion_builder_column_1_1 1_1 fusion-flex-column\" style=\"--awb-bg-size:cover;--awb-width-large:100%;--awb-margin-top-large:0px;--awb-spacing-right-large:1.92%;--awb-margin-bottom-large:0px;--awb-spacing-left-large:1.92%;--awb-width-medium:100%;--awb-spacing-right-medium:1.92%;--awb-spacing-left-medium:1.92%;--awb-width-small:100%;--awb-spacing-right-small:1.92%;--awb-spacing-left-small:1.92%;\"><div class=\"fusion-column-wrapper fusion-flex-justify-content-flex-start fusion-content-layout-column\"><div class=\"fusion-text fusion-text-1\"><p>Seit dem 30. August 2025 hat der Verein dkkd einen neuen Vorstand, der sich aus f\u00fcnf engagierten Frauen zusammensetzt. Die Arbeit zur Vorbereitung der gro\u00dfen Kulturfestivals wurde so auf mehrere Schultern verteilt, um die vielf\u00e4ltigen Aufgaben bestm\u00f6glich zu bew\u00e4ltigen.<\/p>\n<p>Zum neuen Vorstand geh\u00f6rt <strong>Heike Tauer-Schneider<\/strong>, die die Vertretung des Vereins nach au\u00dfen \u00fcbernimmt und als Ansprechpartnerin f\u00fcr Mitglieder, Partner und die \u00d6ffentlichkeit fungiert.<\/p>\n<p>F\u00fcr die interne Organisation und Kommunikation ist <strong>Hannelore Faulstich-Wieland<\/strong> zust\u00e4ndig. Sie \u00fcbernimmt die Vertretung des Vereins nach innen und \u00fcbernimmt die Aufgabe als Schriftf\u00fchrerin.<\/p>\n<p>Die Verwaltung der Finanzen liegt in den H\u00e4nden von <strong>Conny Staub<\/strong>, die f\u00fcr eine transparente und verantwortungsvolle Mittelverwendung sorgt.<\/p>\n<p>Die Organisation der Festivalaktivit\u00e4ten verantwortet <strong>Britta K\u00f6wing<\/strong>, die mit viel Engagement f\u00fcr einen reibungslosen Ablauf sorgt.<\/p>\n<p>Den Bereich Ehrenamt leitet <strong>B\u00e4rbel Brockhoff<\/strong>, die sich um die Gewinnung und Betreuung der freiwilligen Helferinnen und Helfer k\u00fcmmert.<\/p>\n<p>Der neue Vorstand freut sich darauf, die Kulturfestivals erfolgreich vorzubereiten und den Verein gemeinsam weiterzuentwickeln.<\/p>\n<\/div><\/div><\/div><\/div><\/div>\n","protected":false},"excerpt":{"rendered":"","protected":false},"author":4,"featured_media":7746,"comment_status":"closed","ping_status":"closed","sticky":false,"template":"","format":"standard","meta":{"footnotes":""},"categories":[1],"tags":[],"class_list":["post-7744","post","type-post","status-publish","format-standard","has-post-thumbnail","hentry","category-aktuelles"],"_links":{"self":[{"href":"https:\/\/denkmalkunst-kunstdenkmal.de\/hann-muenden\/wp-json\/wp\/v2\/posts\/7744","targetHints":{"allow":["GET"]}}],"collection":[{"href":"https:\/\/denkmalkunst-kunstdenkmal.de\/hann-muenden\/wp-json\/wp\/v2\/posts"}],"about":[{"href":"https:\/\/denkmalkunst-kunstdenkmal.de\/hann-muenden\/wp-json\/wp\/v2\/types\/post"}],"author":[{"embeddable":true,"href":"https:\/\/denkmalkunst-kunstdenkmal.de\/hann-muenden\/wp-json\/wp\/v2\/users\/4"}],"replies":[{"embeddable":true,"href":"https:\/\/denkmalkunst-kunstdenkmal.de\/hann-muenden\/wp-json\/wp\/v2\/comments?post=7744"}],"version-history":[{"count":6,"href":"https:\/\/denkmalkunst-kunstdenkmal.de\/hann-muenden\/wp-json\/wp\/v2\/posts\/7744\/revisions"}],"predecessor-version":[{"id":8063,"href":"https:\/\/denkmalkunst-kunstdenkmal.de\/hann-muenden\/wp-json\/wp\/v2\/posts\/7744\/revisions\/8063"}],"wp:featuredmedia":[{"embeddable":true,"href":"https:\/\/denkmalkunst-kunstdenkmal.de\/hann-muenden\/wp-json\/wp\/v2\/media\/7746"}],"wp:attachment":[{"href":"https:\/\/denkmalkunst-kunstdenkmal.de\/hann-muenden\/wp-json\/wp\/v2\/media?parent=7744"}],"wp:term":[{"taxonomy":"category","embeddable":true,"href":"https:\/\/denkmalkunst-kunstdenkmal.de\/hann-muenden\/wp-json\/wp\/v2\/categories?post=7744"},{"taxonomy":"post_tag","embeddable":true,"href":"https:\/\/denkmalkunst-kunstdenkmal.de\/hann-muenden\/wp-json\/wp\/v2\/tags?post=7744"}],"curies":[{"name":"wp","href":"https:\/\/api.w.org\/{rel}","templated":true}]}}