{"id":6597,"date":"2022-07-17T12:23:19","date_gmt":"2022-07-17T10:23:19","guid":{"rendered":"https:\/\/denkmalkunst-kunstdenkmal.de\/hann-muenden\/?p=6597"},"modified":"2022-07-18T19:59:45","modified_gmt":"2022-07-18T17:59:45","slug":"die-farbentaenzer","status":"publish","type":"post","link":"https:\/\/denkmalkunst-kunstdenkmal.de\/hann-muenden\/die-farbentaenzer\/","title":{"rendered":"Die Farbent\u00e4nzer"},"content":{"rendered":"<p><div class=\"fusion-fullwidth fullwidth-box fusion-builder-row-1 fusion-flex-container nonhundred-percent-fullwidth non-hundred-percent-height-scrolling\" style=\"--awb-border-radius-top-left:0px;--awb-border-radius-top-right:0px;--awb-border-radius-bottom-right:0px;--awb-border-radius-bottom-left:0px;--awb-flex-wrap:wrap;\" ><div class=\"fusion-builder-row fusion-row fusion-flex-align-items-flex-start fusion-flex-content-wrap\" style=\"max-width:1144px;margin-left: calc(-4% \/ 2 );margin-right: calc(-4% \/ 2 );\"><div class=\"fusion-layout-column fusion_builder_column fusion-builder-column-0 fusion_builder_column_1_3 1_3 fusion-flex-column\" style=\"--awb-padding-right:0px;--awb-padding-left:0px;--awb-bg-size:cover;--awb-width-large:33.3333333333%;--awb-margin-top-large:0px;--awb-spacing-right-large:5.76%;--awb-margin-bottom-large:20px;--awb-spacing-left-large:5.76%;--awb-width-medium:100%;--awb-spacing-right-medium:1.92%;--awb-spacing-left-medium:1.92%;--awb-width-small:100%;--awb-spacing-right-small:1.92%;--awb-spacing-left-small:1.92%;\"><div class=\"fusion-column-wrapper fusion-flex-justify-content-flex-start fusion-content-layout-column\"><div class=\"fusion-image-element \" style=\"--awb-caption-title-font-family:var(--h2_typography-font-family);--awb-caption-title-font-weight:var(--h2_typography-font-weight);--awb-caption-title-font-style:var(--h2_typography-font-style);--awb-caption-title-size:var(--h2_typography-font-size);--awb-caption-title-transform:var(--h2_typography-text-transform);--awb-caption-title-line-height:var(--h2_typography-line-height);--awb-caption-title-letter-spacing:var(--h2_typography-letter-spacing);\"><span class=\" fusion-imageframe imageframe-none imageframe-1 hover-type-none\"><img decoding=\"async\" width=\"800\" height=\"800\" title=\"Die Farbent\u00e4nzer_im Atelier\" src=\"https:\/\/denkmalkunst-kunstdenkmal.de\/hann-muenden\/wp-content\/uploads\/sites\/2\/2022\/07\/Die-Farbentaenzer_im-Atelier.jpg\" data-orig-src=\"https:\/\/denkmalkunst-kunstdenkmal.de\/hann-muenden\/wp-content\/uploads\/sites\/2\/2022\/07\/Die-Farbentaenzer_im-Atelier.jpg\" alt class=\"lazyload img-responsive wp-image-6599\" srcset=\"data:image\/svg+xml,%3Csvg%20xmlns%3D%27http%3A%2F%2Fwww.w3.org%2F2000%2Fsvg%27%20width%3D%27800%27%20height%3D%27800%27%20viewBox%3D%270%200%20800%20800%27%3E%3Crect%20width%3D%27800%27%20height%3D%27800%27%20fill-opacity%3D%220%22%2F%3E%3C%2Fsvg%3E\" data-srcset=\"https:\/\/denkmalkunst-kunstdenkmal.de\/hann-muenden\/wp-content\/uploads\/sites\/2\/2022\/07\/Die-Farbentaenzer_im-Atelier-200x200.jpg 200w, https:\/\/denkmalkunst-kunstdenkmal.de\/hann-muenden\/wp-content\/uploads\/sites\/2\/2022\/07\/Die-Farbentaenzer_im-Atelier-400x400.jpg 400w, https:\/\/denkmalkunst-kunstdenkmal.de\/hann-muenden\/wp-content\/uploads\/sites\/2\/2022\/07\/Die-Farbentaenzer_im-Atelier-600x600.jpg 600w, https:\/\/denkmalkunst-kunstdenkmal.de\/hann-muenden\/wp-content\/uploads\/sites\/2\/2022\/07\/Die-Farbentaenzer_im-Atelier.jpg 800w\" data-sizes=\"auto\" data-orig-sizes=\"(max-width: 1024px) 100vw, (max-width: 640px) 100vw, 400px\" \/><\/span><\/div><\/div><\/div><div class=\"fusion-layout-column fusion_builder_column fusion-builder-column-1 fusion_builder_column_1_3 1_3 fusion-flex-column\" style=\"--awb-padding-right:0px;--awb-padding-left:0px;--awb-bg-size:cover;--awb-width-large:33.3333333333%;--awb-margin-top-large:0px;--awb-spacing-right-large:5.76%;--awb-margin-bottom-large:20px;--awb-spacing-left-large:5.76%;--awb-width-medium:100%;--awb-spacing-right-medium:1.92%;--awb-spacing-left-medium:1.92%;--awb-width-small:100%;--awb-spacing-right-small:1.92%;--awb-spacing-left-small:1.92%;\"><div class=\"fusion-column-wrapper fusion-flex-justify-content-flex-start fusion-content-layout-column\"><div class=\"fusion-image-element \" style=\"--awb-caption-title-font-family:var(--h2_typography-font-family);--awb-caption-title-font-weight:var(--h2_typography-font-weight);--awb-caption-title-font-style:var(--h2_typography-font-style);--awb-caption-title-size:var(--h2_typography-font-size);--awb-caption-title-transform:var(--h2_typography-text-transform);--awb-caption-title-line-height:var(--h2_typography-line-height);--awb-caption-title-letter-spacing:var(--h2_typography-letter-spacing);\"><span class=\" fusion-imageframe imageframe-none imageframe-2 hover-type-none\"><img decoding=\"async\" width=\"800\" height=\"800\" title=\"Die Farbent\u00e4nzer-Heinz Kloppmann_Das bin ICH\" src=\"https:\/\/denkmalkunst-kunstdenkmal.de\/hann-muenden\/wp-content\/uploads\/sites\/2\/2022\/07\/Die-Farbentaenzer-Heinz-Kloppmann_Das-bin-ICH.jpg\" data-orig-src=\"https:\/\/denkmalkunst-kunstdenkmal.de\/hann-muenden\/wp-content\/uploads\/sites\/2\/2022\/07\/Die-Farbentaenzer-Heinz-Kloppmann_Das-bin-ICH.jpg\" alt class=\"lazyload img-responsive wp-image-6608\" srcset=\"data:image\/svg+xml,%3Csvg%20xmlns%3D%27http%3A%2F%2Fwww.w3.org%2F2000%2Fsvg%27%20width%3D%27800%27%20height%3D%27800%27%20viewBox%3D%270%200%20800%20800%27%3E%3Crect%20width%3D%27800%27%20height%3D%27800%27%20fill-opacity%3D%220%22%2F%3E%3C%2Fsvg%3E\" data-srcset=\"https:\/\/denkmalkunst-kunstdenkmal.de\/hann-muenden\/wp-content\/uploads\/sites\/2\/2022\/07\/Die-Farbentaenzer-Heinz-Kloppmann_Das-bin-ICH-200x200.jpg 200w, https:\/\/denkmalkunst-kunstdenkmal.de\/hann-muenden\/wp-content\/uploads\/sites\/2\/2022\/07\/Die-Farbentaenzer-Heinz-Kloppmann_Das-bin-ICH-400x400.jpg 400w, https:\/\/denkmalkunst-kunstdenkmal.de\/hann-muenden\/wp-content\/uploads\/sites\/2\/2022\/07\/Die-Farbentaenzer-Heinz-Kloppmann_Das-bin-ICH-600x600.jpg 600w, https:\/\/denkmalkunst-kunstdenkmal.de\/hann-muenden\/wp-content\/uploads\/sites\/2\/2022\/07\/Die-Farbentaenzer-Heinz-Kloppmann_Das-bin-ICH.jpg 800w\" data-sizes=\"auto\" data-orig-sizes=\"(max-width: 1024px) 100vw, (max-width: 640px) 100vw, 400px\" \/><\/span><\/div><\/div><\/div><div class=\"fusion-layout-column fusion_builder_column fusion-builder-column-2 fusion_builder_column_1_3 1_3 fusion-flex-column\" style=\"--awb-padding-right:0px;--awb-padding-left:0px;--awb-bg-size:cover;--awb-width-large:33.3333333333%;--awb-margin-top-large:0px;--awb-spacing-right-large:5.76%;--awb-margin-bottom-large:20px;--awb-spacing-left-large:5.76%;--awb-width-medium:100%;--awb-spacing-right-medium:1.92%;--awb-spacing-left-medium:1.92%;--awb-width-small:100%;--awb-spacing-right-small:1.92%;--awb-spacing-left-small:1.92%;\"><div class=\"fusion-column-wrapper fusion-flex-justify-content-flex-start fusion-content-layout-column\"><div class=\"fusion-image-element \" style=\"--awb-caption-title-font-family:var(--h2_typography-font-family);--awb-caption-title-font-weight:var(--h2_typography-font-weight);--awb-caption-title-font-style:var(--h2_typography-font-style);--awb-caption-title-size:var(--h2_typography-font-size);--awb-caption-title-transform:var(--h2_typography-text-transform);--awb-caption-title-line-height:var(--h2_typography-line-height);--awb-caption-title-letter-spacing:var(--h2_typography-letter-spacing);\"><span class=\" fusion-imageframe imageframe-none imageframe-3 hover-type-none\"><img decoding=\"async\" width=\"800\" height=\"800\" title=\"Die Frabent\u00e4nzer_Karlfred Th\u00f6ne o.Titel Acryl Leinwand\" src=\"https:\/\/denkmalkunst-kunstdenkmal.de\/hann-muenden\/wp-content\/uploads\/sites\/2\/2022\/07\/Die-Frabentaenzer_Karlfred-Thoene-o.Titel-Acryl-Leinwand.jpg\" data-orig-src=\"https:\/\/denkmalkunst-kunstdenkmal.de\/hann-muenden\/wp-content\/uploads\/sites\/2\/2022\/07\/Die-Frabentaenzer_Karlfred-Thoene-o.Titel-Acryl-Leinwand.jpg\" alt class=\"lazyload img-responsive wp-image-6600\" srcset=\"data:image\/svg+xml,%3Csvg%20xmlns%3D%27http%3A%2F%2Fwww.w3.org%2F2000%2Fsvg%27%20width%3D%27800%27%20height%3D%27800%27%20viewBox%3D%270%200%20800%20800%27%3E%3Crect%20width%3D%27800%27%20height%3D%27800%27%20fill-opacity%3D%220%22%2F%3E%3C%2Fsvg%3E\" data-srcset=\"https:\/\/denkmalkunst-kunstdenkmal.de\/hann-muenden\/wp-content\/uploads\/sites\/2\/2022\/07\/Die-Frabentaenzer_Karlfred-Thoene-o.Titel-Acryl-Leinwand-200x200.jpg 200w, https:\/\/denkmalkunst-kunstdenkmal.de\/hann-muenden\/wp-content\/uploads\/sites\/2\/2022\/07\/Die-Frabentaenzer_Karlfred-Thoene-o.Titel-Acryl-Leinwand-400x400.jpg 400w, https:\/\/denkmalkunst-kunstdenkmal.de\/hann-muenden\/wp-content\/uploads\/sites\/2\/2022\/07\/Die-Frabentaenzer_Karlfred-Thoene-o.Titel-Acryl-Leinwand-600x600.jpg 600w, https:\/\/denkmalkunst-kunstdenkmal.de\/hann-muenden\/wp-content\/uploads\/sites\/2\/2022\/07\/Die-Frabentaenzer_Karlfred-Thoene-o.Titel-Acryl-Leinwand.jpg 800w\" data-sizes=\"auto\" data-orig-sizes=\"(max-width: 1024px) 100vw, (max-width: 640px) 100vw, 400px\" \/><\/span><\/div><\/div><\/div><\/div><\/div><div class=\"fusion-fullwidth fullwidth-box fusion-builder-row-2 fusion-flex-container nonhundred-percent-fullwidth non-hundred-percent-height-scrolling\" style=\"--awb-border-radius-top-left:0px;--awb-border-radius-top-right:0px;--awb-border-radius-bottom-right:0px;--awb-border-radius-bottom-left:0px;--awb-margin-top:60px;--awb-flex-wrap:wrap;\" ><div class=\"fusion-builder-row fusion-row fusion-flex-align-items-flex-start fusion-flex-content-wrap\" style=\"max-width:1144px;margin-left: calc(-4% \/ 2 );margin-right: calc(-4% \/ 2 );\"><div class=\"fusion-layout-column fusion_builder_column fusion-builder-column-3 fusion_builder_column_1_1 1_1 fusion-flex-column\" style=\"--awb-bg-size:cover;--awb-width-large:100%;--awb-margin-top-large:0px;--awb-spacing-right-large:1.92%;--awb-margin-bottom-large:20px;--awb-spacing-left-large:1.92%;--awb-width-medium:100%;--awb-spacing-right-medium:1.92%;--awb-spacing-left-medium:1.92%;--awb-width-small:100%;--awb-spacing-right-small:1.92%;--awb-spacing-left-small:1.92%;\"><div class=\"fusion-column-wrapper fusion-flex-justify-content-flex-start fusion-content-layout-column\"><div class=\"fusion-text fusion-text-1\"><p><span style=\"color: #ff9900\">\u2026aus Hofgeismar<\/span><\/p>\n<p>Das Atelier ist f\u00fcr Menschen mit kognitiver und k\u00f6rperlicher Einschr\u00e4nkung; es besteht seit 2008. 10 K\u00fcnstler*innen arbeiten frei nach ihren Ideen und Stimmungen. Jedes Werk ist einzigartig in seiner Bildsprache. Intuitiv und ohne kulturellen \u00dcberbau, wird der Moment zur Begegnung mit sich und den Dingen unserer Welt. Das Atelier arbeitet ohne therapeutischen Hintergrund.<br \/>\nDie Altersstruktur liegt zwischen ca. 60-83plus. Einzel- und Gruppenausstellungen der Farbent\u00e4nzer regional und \u00fcberregional. Im Bild von links Margret Deisel, Klaus R\u00fcdiger, Herrmann Horrer, Conny Kiewitt, Carolin Kerkmann und Heinz Kloppmann sitzend.<\/p>\n<p><a href=\"https:\/\/www.ekh-gesundbrunnen.de\/aktuelles\/farbentaenzer\" target=\"_blank\" rel=\"noopener\">www.ekh-gesundbrunnen.de\/aktuelles\/farbentaenzer<\/a><\/p>\n<\/div><\/div><\/div><\/div><\/div><div class=\"fusion-fullwidth fullwidth-box fusion-builder-row-3 fusion-flex-container nonhundred-percent-fullwidth non-hundred-percent-height-scrolling\" style=\"--awb-border-radius-top-left:0px;--awb-border-radius-top-right:0px;--awb-border-radius-bottom-right:0px;--awb-border-radius-bottom-left:0px;--awb-padding-top:40px;--awb-flex-wrap:wrap;\" ><div class=\"fusion-builder-row fusion-row fusion-flex-align-items-flex-start fusion-flex-content-wrap\" style=\"max-width:1144px;margin-left: calc(-4% \/ 2 );margin-right: calc(-4% \/ 2 );\"><div class=\"fusion-layout-column fusion_builder_column fusion-builder-column-4 fusion_builder_column_1_1 1_1 fusion-flex-column\" style=\"--awb-bg-size:cover;--awb-width-large:100%;--awb-margin-top-large:0px;--awb-spacing-right-large:1.92%;--awb-margin-bottom-large:20px;--awb-spacing-left-large:1.92%;--awb-width-medium:100%;--awb-spacing-right-medium:1.92%;--awb-spacing-left-medium:1.92%;--awb-width-small:100%;--awb-spacing-right-small:1.92%;--awb-spacing-left-small:1.92%;\"><div class=\"fusion-column-wrapper fusion-flex-justify-content-flex-start fusion-content-layout-column\"><div ><a class=\"fusion-button button-flat button-xlarge button-default fusion-button-default button-1 fusion-button-span-yes fusion-button-default-type\" target=\"_self\" href=\"https:\/\/denkmalkunst-kunstdenkmal.de\/hann-muenden\/packhof\/\"><span class=\"fusion-button-text awb-button__text awb-button__text--default\">Auf zum Packhof<\/span><\/a><\/div><\/div><\/div><\/div><\/div><\/p>\n","protected":false},"excerpt":{"rendered":"<p>Freiraum f\u00fcr kreatives Erleben<\/p>\n","protected":false},"author":4,"featured_media":6600,"comment_status":"closed","ping_status":"closed","sticky":false,"template":"","format":"standard","meta":{"footnotes":""},"categories":[226,209],"tags":[],"class_list":["post-6597","post","type-post","status-publish","format-standard","has-post-thumbnail","hentry","category-kunst-im-packhof","category-kunst2022"],"_links":{"self":[{"href":"https:\/\/denkmalkunst-kunstdenkmal.de\/hann-muenden\/wp-json\/wp\/v2\/posts\/6597","targetHints":{"allow":["GET"]}}],"collection":[{"href":"https:\/\/denkmalkunst-kunstdenkmal.de\/hann-muenden\/wp-json\/wp\/v2\/posts"}],"about":[{"href":"https:\/\/denkmalkunst-kunstdenkmal.de\/hann-muenden\/wp-json\/wp\/v2\/types\/post"}],"author":[{"embeddable":true,"href":"https:\/\/denkmalkunst-kunstdenkmal.de\/hann-muenden\/wp-json\/wp\/v2\/users\/4"}],"replies":[{"embeddable":true,"href":"https:\/\/denkmalkunst-kunstdenkmal.de\/hann-muenden\/wp-json\/wp\/v2\/comments?post=6597"}],"version-history":[{"count":4,"href":"https:\/\/denkmalkunst-kunstdenkmal.de\/hann-muenden\/wp-json\/wp\/v2\/posts\/6597\/revisions"}],"predecessor-version":[{"id":6677,"href":"https:\/\/denkmalkunst-kunstdenkmal.de\/hann-muenden\/wp-json\/wp\/v2\/posts\/6597\/revisions\/6677"}],"wp:featuredmedia":[{"embeddable":true,"href":"https:\/\/denkmalkunst-kunstdenkmal.de\/hann-muenden\/wp-json\/wp\/v2\/media\/6600"}],"wp:attachment":[{"href":"https:\/\/denkmalkunst-kunstdenkmal.de\/hann-muenden\/wp-json\/wp\/v2\/media?parent=6597"}],"wp:term":[{"taxonomy":"category","embeddable":true,"href":"https:\/\/denkmalkunst-kunstdenkmal.de\/hann-muenden\/wp-json\/wp\/v2\/categories?post=6597"},{"taxonomy":"post_tag","embeddable":true,"href":"https:\/\/denkmalkunst-kunstdenkmal.de\/hann-muenden\/wp-json\/wp\/v2\/tags?post=6597"}],"curies":[{"name":"wp","href":"https:\/\/api.w.org\/{rel}","templated":true}]}}