{"id":5925,"date":"2022-04-29T09:10:00","date_gmt":"2022-04-29T07:10:00","guid":{"rendered":"https:\/\/denkmalkunst-kunstdenkmal.de\/hann-muenden\/?p=5925"},"modified":"2022-09-08T21:12:33","modified_gmt":"2022-09-08T19:12:33","slug":"noah-cohen-2022","status":"publish","type":"post","link":"https:\/\/denkmalkunst-kunstdenkmal.de\/hann-muenden\/noah-cohen-2022\/","title":{"rendered":"Noah Cohen"},"content":{"rendered":"<p><div class=\"fusion-fullwidth fullwidth-box fusion-builder-row-1 fusion-flex-container nonhundred-percent-fullwidth non-hundred-percent-height-scrolling\" style=\"--awb-border-radius-top-left:0px;--awb-border-radius-top-right:0px;--awb-border-radius-bottom-right:0px;--awb-border-radius-bottom-left:0px;--awb-flex-wrap:wrap;\" ><div class=\"fusion-builder-row fusion-row fusion-flex-align-items-flex-start fusion-flex-content-wrap\" style=\"max-width:1144px;margin-left: calc(-4% \/ 2 );margin-right: calc(-4% \/ 2 );\"><div class=\"fusion-layout-column fusion_builder_column fusion-builder-column-0 fusion_builder_column_1_3 1_3 fusion-flex-column\" style=\"--awb-padding-right:0px;--awb-padding-left:0px;--awb-bg-size:cover;--awb-width-large:33.3333333333%;--awb-margin-top-large:0px;--awb-spacing-right-large:5.76%;--awb-margin-bottom-large:20px;--awb-spacing-left-large:5.76%;--awb-width-medium:100%;--awb-spacing-right-medium:1.92%;--awb-spacing-left-medium:1.92%;--awb-width-small:100%;--awb-spacing-right-small:1.92%;--awb-spacing-left-small:1.92%;\"><div class=\"fusion-column-wrapper fusion-flex-justify-content-flex-start fusion-content-layout-column\"><div class=\"fusion-image-element \" style=\"--awb-caption-title-font-family:var(--h2_typography-font-family);--awb-caption-title-font-weight:var(--h2_typography-font-weight);--awb-caption-title-font-style:var(--h2_typography-font-style);--awb-caption-title-size:var(--h2_typography-font-size);--awb-caption-title-transform:var(--h2_typography-text-transform);--awb-caption-title-line-height:var(--h2_typography-line-height);--awb-caption-title-letter-spacing:var(--h2_typography-letter-spacing);\"><span class=\" fusion-imageframe imageframe-none imageframe-1 hover-type-none\"><img decoding=\"async\" width=\"300\" height=\"300\" title=\"Cohen, Noah_Portrait 800&#215;800 (2)\" src=\"https:\/\/denkmalkunst-kunstdenkmal.de\/hann-muenden\/wp-content\/uploads\/sites\/2\/2022\/04\/Cohen-Noah_Portrait-800x800-2.jpg\" data-orig-src=\"https:\/\/denkmalkunst-kunstdenkmal.de\/hann-muenden\/wp-content\/uploads\/sites\/2\/2022\/04\/Cohen-Noah_Portrait-800x800-2-300x300.jpg\" alt class=\"lazyload img-responsive wp-image-5916\" srcset=\"data:image\/svg+xml,%3Csvg%20xmlns%3D%27http%3A%2F%2Fwww.w3.org%2F2000%2Fsvg%27%20width%3D%272354%27%20height%3D%272353%27%20viewBox%3D%270%200%202354%202353%27%3E%3Crect%20width%3D%272354%27%20height%3D%272353%27%20fill-opacity%3D%220%22%2F%3E%3C%2Fsvg%3E\" data-srcset=\"https:\/\/denkmalkunst-kunstdenkmal.de\/hann-muenden\/wp-content\/uploads\/sites\/2\/2022\/04\/Cohen-Noah_Portrait-800x800-2-200x200.jpg 200w, https:\/\/denkmalkunst-kunstdenkmal.de\/hann-muenden\/wp-content\/uploads\/sites\/2\/2022\/04\/Cohen-Noah_Portrait-800x800-2-400x400.jpg 400w, https:\/\/denkmalkunst-kunstdenkmal.de\/hann-muenden\/wp-content\/uploads\/sites\/2\/2022\/04\/Cohen-Noah_Portrait-800x800-2-600x600.jpg 600w, https:\/\/denkmalkunst-kunstdenkmal.de\/hann-muenden\/wp-content\/uploads\/sites\/2\/2022\/04\/Cohen-Noah_Portrait-800x800-2-800x800.jpg 800w, https:\/\/denkmalkunst-kunstdenkmal.de\/hann-muenden\/wp-content\/uploads\/sites\/2\/2022\/04\/Cohen-Noah_Portrait-800x800-2-1200x1199.jpg 1200w\" data-sizes=\"auto\" data-orig-sizes=\"(max-width: 1024px) 100vw, (max-width: 640px) 100vw, 400px\" \/><\/span><\/div><\/div><\/div><div class=\"fusion-layout-column fusion_builder_column fusion-builder-column-1 fusion_builder_column_1_3 1_3 fusion-flex-column\" style=\"--awb-padding-right:0px;--awb-padding-left:0px;--awb-bg-size:cover;--awb-width-large:33.3333333333%;--awb-margin-top-large:0px;--awb-spacing-right-large:5.76%;--awb-margin-bottom-large:20px;--awb-spacing-left-large:5.76%;--awb-width-medium:100%;--awb-spacing-right-medium:1.92%;--awb-spacing-left-medium:1.92%;--awb-width-small:100%;--awb-spacing-right-small:1.92%;--awb-spacing-left-small:1.92%;\"><div class=\"fusion-column-wrapper fusion-flex-justify-content-flex-start fusion-content-layout-column\"><div class=\"fusion-image-element \" style=\"--awb-caption-title-font-family:var(--h2_typography-font-family);--awb-caption-title-font-weight:var(--h2_typography-font-weight);--awb-caption-title-font-style:var(--h2_typography-font-style);--awb-caption-title-size:var(--h2_typography-font-size);--awb-caption-title-transform:var(--h2_typography-text-transform);--awb-caption-title-line-height:var(--h2_typography-line-height);--awb-caption-title-letter-spacing:var(--h2_typography-letter-spacing);\"><span class=\" fusion-imageframe imageframe-none imageframe-2 hover-type-none\"><img decoding=\"async\" width=\"300\" height=\"300\" title=\"Cohen, Noah_\u252c\u00aenoah cohen5Q 800&#215;800\" src=\"https:\/\/denkmalkunst-kunstdenkmal.de\/hann-muenden\/wp-content\/uploads\/sites\/2\/2022\/04\/Cohen-Noah_\u252c\u00aenoah-cohen5Q-800x800-1.jpg\" data-orig-src=\"https:\/\/denkmalkunst-kunstdenkmal.de\/hann-muenden\/wp-content\/uploads\/sites\/2\/2022\/04\/Cohen-Noah_\u252c\u00aenoah-cohen5Q-800x800-1-300x300.jpg\" alt class=\"lazyload img-responsive wp-image-5915\" srcset=\"data:image\/svg+xml,%3Csvg%20xmlns%3D%27http%3A%2F%2Fwww.w3.org%2F2000%2Fsvg%27%20width%3D%27800%27%20height%3D%27800%27%20viewBox%3D%270%200%20800%20800%27%3E%3Crect%20width%3D%27800%27%20height%3D%27800%27%20fill-opacity%3D%220%22%2F%3E%3C%2Fsvg%3E\" data-srcset=\"https:\/\/denkmalkunst-kunstdenkmal.de\/hann-muenden\/wp-content\/uploads\/sites\/2\/2022\/04\/Cohen-Noah_\u252c\u00aenoah-cohen5Q-800x800-1-200x200.jpg 200w, https:\/\/denkmalkunst-kunstdenkmal.de\/hann-muenden\/wp-content\/uploads\/sites\/2\/2022\/04\/Cohen-Noah_\u252c\u00aenoah-cohen5Q-800x800-1-400x400.jpg 400w, https:\/\/denkmalkunst-kunstdenkmal.de\/hann-muenden\/wp-content\/uploads\/sites\/2\/2022\/04\/Cohen-Noah_\u252c\u00aenoah-cohen5Q-800x800-1-600x600.jpg 600w, https:\/\/denkmalkunst-kunstdenkmal.de\/hann-muenden\/wp-content\/uploads\/sites\/2\/2022\/04\/Cohen-Noah_\u252c\u00aenoah-cohen5Q-800x800-1.jpg 800w\" data-sizes=\"auto\" data-orig-sizes=\"(max-width: 1024px) 100vw, (max-width: 640px) 100vw, 400px\" \/><\/span><\/div><\/div><\/div><div class=\"fusion-layout-column fusion_builder_column fusion-builder-column-2 fusion_builder_column_1_3 1_3 fusion-flex-column\" style=\"--awb-padding-right:0px;--awb-padding-left:0px;--awb-bg-size:cover;--awb-width-large:33.3333333333%;--awb-margin-top-large:0px;--awb-spacing-right-large:5.76%;--awb-margin-bottom-large:20px;--awb-spacing-left-large:5.76%;--awb-width-medium:100%;--awb-spacing-right-medium:1.92%;--awb-spacing-left-medium:1.92%;--awb-width-small:100%;--awb-spacing-right-small:1.92%;--awb-spacing-left-small:1.92%;\"><div class=\"fusion-column-wrapper fusion-flex-justify-content-flex-start fusion-content-layout-column\"><div class=\"fusion-image-element \" style=\"--awb-caption-title-font-family:var(--h2_typography-font-family);--awb-caption-title-font-weight:var(--h2_typography-font-weight);--awb-caption-title-font-style:var(--h2_typography-font-style);--awb-caption-title-size:var(--h2_typography-font-size);--awb-caption-title-transform:var(--h2_typography-text-transform);--awb-caption-title-line-height:var(--h2_typography-line-height);--awb-caption-title-letter-spacing:var(--h2_typography-letter-spacing);\"><span class=\" fusion-imageframe imageframe-none imageframe-3 hover-type-none\"><img decoding=\"async\" width=\"300\" height=\"300\" title=\"Cohen, Noah_\u252c\u00aenoah cohen4Q 800&#215;800\" src=\"https:\/\/denkmalkunst-kunstdenkmal.de\/hann-muenden\/wp-content\/uploads\/sites\/2\/2022\/04\/Cohen-Noah_\u252c\u00aenoah-cohen4Q-800x800-1.jpg\" data-orig-src=\"https:\/\/denkmalkunst-kunstdenkmal.de\/hann-muenden\/wp-content\/uploads\/sites\/2\/2022\/04\/Cohen-Noah_\u252c\u00aenoah-cohen4Q-800x800-1-300x300.jpg\" alt class=\"lazyload img-responsive wp-image-5914\" srcset=\"data:image\/svg+xml,%3Csvg%20xmlns%3D%27http%3A%2F%2Fwww.w3.org%2F2000%2Fsvg%27%20width%3D%27800%27%20height%3D%27800%27%20viewBox%3D%270%200%20800%20800%27%3E%3Crect%20width%3D%27800%27%20height%3D%27800%27%20fill-opacity%3D%220%22%2F%3E%3C%2Fsvg%3E\" data-srcset=\"https:\/\/denkmalkunst-kunstdenkmal.de\/hann-muenden\/wp-content\/uploads\/sites\/2\/2022\/04\/Cohen-Noah_\u252c\u00aenoah-cohen4Q-800x800-1-200x200.jpg 200w, https:\/\/denkmalkunst-kunstdenkmal.de\/hann-muenden\/wp-content\/uploads\/sites\/2\/2022\/04\/Cohen-Noah_\u252c\u00aenoah-cohen4Q-800x800-1-400x400.jpg 400w, https:\/\/denkmalkunst-kunstdenkmal.de\/hann-muenden\/wp-content\/uploads\/sites\/2\/2022\/04\/Cohen-Noah_\u252c\u00aenoah-cohen4Q-800x800-1-600x600.jpg 600w, https:\/\/denkmalkunst-kunstdenkmal.de\/hann-muenden\/wp-content\/uploads\/sites\/2\/2022\/04\/Cohen-Noah_\u252c\u00aenoah-cohen4Q-800x800-1.jpg 800w\" data-sizes=\"auto\" data-orig-sizes=\"(max-width: 1024px) 100vw, (max-width: 640px) 100vw, 400px\" \/><\/span><\/div><\/div><\/div><\/div><\/div><div class=\"fusion-fullwidth fullwidth-box fusion-builder-row-2 fusion-flex-container nonhundred-percent-fullwidth non-hundred-percent-height-scrolling\" style=\"--awb-border-radius-top-left:0px;--awb-border-radius-top-right:0px;--awb-border-radius-bottom-right:0px;--awb-border-radius-bottom-left:0px;--awb-margin-top:60px;--awb-flex-wrap:wrap;\" ><div class=\"fusion-builder-row fusion-row fusion-flex-align-items-flex-start fusion-flex-content-wrap\" style=\"max-width:1144px;margin-left: calc(-4% \/ 2 );margin-right: calc(-4% \/ 2 );\"><div class=\"fusion-layout-column fusion_builder_column fusion-builder-column-3 fusion_builder_column_1_1 1_1 fusion-flex-column\" style=\"--awb-bg-size:cover;--awb-width-large:100%;--awb-margin-top-large:0px;--awb-spacing-right-large:1.92%;--awb-margin-bottom-large:20px;--awb-spacing-left-large:1.92%;--awb-width-medium:100%;--awb-spacing-right-medium:1.92%;--awb-spacing-left-medium:1.92%;--awb-width-small:100%;--awb-spacing-right-small:1.92%;--awb-spacing-left-small:1.92%;\"><div class=\"fusion-column-wrapper fusion-flex-justify-content-flex-start fusion-content-layout-column\"><div class=\"fusion-text fusion-text-1\"><p><span style=\"color: #ff9900\">\u2026lebt und arbeitet in Die\u00dfen, stammt aus Israel<\/span><\/p>\n<p>Presse- und Industriefotografie, aber immer mit gleicher Gewichtung auf k\u00fcnstlerischer Arbeit, Ausstellungen in ganz Deutschland, u.a. Gasteig M\u00fcnchen, Tanzhaus D\u00fcsseldorf, Galerie 54 M\u00fcnchen sowie Mannheim, G\u00f6ttingen, Bremen, Die\u00dfen, Herrsching u.a. Themenschwerpunkte sind Tanz, Streetphotography, Portr\u00e4t. Mit Vorliebe Fotografien in Schwarz-Wei\u00df, in B\u00e4lde Staatliches Museum f\u00fcr \u00c4gyptische Kunst M\u00fcnchen &#8222;Bis bald, Isaak!<\/p>\n<p><a href=\"http:\/\/www.noah-cohen.de\" target=\"_blank\" rel=\"noopener\">www.noah-cohen.de<\/a><\/p>\n<\/div><\/div><\/div><\/div><\/div><div class=\"fusion-fullwidth fullwidth-box fusion-builder-row-3 fusion-flex-container nonhundred-percent-fullwidth non-hundred-percent-height-scrolling\" style=\"--awb-border-radius-top-left:0px;--awb-border-radius-top-right:0px;--awb-border-radius-bottom-right:0px;--awb-border-radius-bottom-left:0px;--awb-padding-top:40px;--awb-flex-wrap:wrap;\" ><div class=\"fusion-builder-row fusion-row fusion-flex-align-items-flex-start fusion-flex-content-wrap\" style=\"max-width:1144px;margin-left: calc(-4% \/ 2 );margin-right: calc(-4% \/ 2 );\"><div class=\"fusion-layout-column fusion_builder_column fusion-builder-column-4 fusion_builder_column_1_1 1_1 fusion-flex-column\" style=\"--awb-bg-size:cover;--awb-width-large:100%;--awb-margin-top-large:0px;--awb-spacing-right-large:1.92%;--awb-margin-bottom-large:20px;--awb-spacing-left-large:1.92%;--awb-width-medium:100%;--awb-spacing-right-medium:1.92%;--awb-spacing-left-medium:1.92%;--awb-width-small:100%;--awb-spacing-right-small:1.92%;--awb-spacing-left-small:1.92%;\"><div class=\"fusion-column-wrapper fusion-flex-justify-content-flex-start fusion-content-layout-column\"><div ><a class=\"fusion-button button-flat button-xlarge button-default fusion-button-default button-1 fusion-button-span-yes fusion-button-default-type\" target=\"_self\" href=\"https:\/\/denkmalkunst-kunstdenkmal.de\/hann-muenden\/lange-strasse-20\/\"><span class=\"fusion-button-text awb-button__text awb-button__text--default\">Auf zur Langen Stra\u00dfe 20<\/span><\/a><\/div><div class=\"fusion-separator fusion-full-width-sep\" style=\"align-self: center;margin-left: auto;margin-right: auto;width:100%;\"><div class=\"fusion-separator-border sep-double\" style=\"--awb-height:20px;--awb-amount:20px;border-color:#e0dede;border-top-width:1px;border-bottom-width:1px;\"><\/div><\/div><div ><a class=\"fusion-button button-flat button-xlarge button-default fusion-button-default button-2 fusion-button-span-yes fusion-button-default-type\" target=\"_self\" href=\"https:\/\/denkmalkunst-kunstdenkmal.de\/hann-muenden\/doktorwerder\/\"><span class=\"fusion-button-text awb-button__text awb-button__text--default\">Auf zur Schleuse am Doktorwerder<\/span><\/a><\/div><\/div><\/div><\/div><\/div><\/p>\n","protected":false},"excerpt":{"rendered":"<p>Verwandlung der Welt<\/p>\n","protected":false},"author":4,"featured_media":5914,"comment_status":"closed","ping_status":"closed","sticky":false,"template":"","format":"standard","meta":{"footnotes":""},"categories":[177,227,209],"tags":[],"class_list":["post-5925","post","type-post","status-publish","format-standard","has-post-thumbnail","hentry","category-kunst-am-doktorwerder","category-kunst-in-der-langen-strasse-20","category-kunst2022"],"_links":{"self":[{"href":"https:\/\/denkmalkunst-kunstdenkmal.de\/hann-muenden\/wp-json\/wp\/v2\/posts\/5925","targetHints":{"allow":["GET"]}}],"collection":[{"href":"https:\/\/denkmalkunst-kunstdenkmal.de\/hann-muenden\/wp-json\/wp\/v2\/posts"}],"about":[{"href":"https:\/\/denkmalkunst-kunstdenkmal.de\/hann-muenden\/wp-json\/wp\/v2\/types\/post"}],"author":[{"embeddable":true,"href":"https:\/\/denkmalkunst-kunstdenkmal.de\/hann-muenden\/wp-json\/wp\/v2\/users\/4"}],"replies":[{"embeddable":true,"href":"https:\/\/denkmalkunst-kunstdenkmal.de\/hann-muenden\/wp-json\/wp\/v2\/comments?post=5925"}],"version-history":[{"count":5,"href":"https:\/\/denkmalkunst-kunstdenkmal.de\/hann-muenden\/wp-json\/wp\/v2\/posts\/5925\/revisions"}],"predecessor-version":[{"id":7263,"href":"https:\/\/denkmalkunst-kunstdenkmal.de\/hann-muenden\/wp-json\/wp\/v2\/posts\/5925\/revisions\/7263"}],"wp:featuredmedia":[{"embeddable":true,"href":"https:\/\/denkmalkunst-kunstdenkmal.de\/hann-muenden\/wp-json\/wp\/v2\/media\/5914"}],"wp:attachment":[{"href":"https:\/\/denkmalkunst-kunstdenkmal.de\/hann-muenden\/wp-json\/wp\/v2\/media?parent=5925"}],"wp:term":[{"taxonomy":"category","embeddable":true,"href":"https:\/\/denkmalkunst-kunstdenkmal.de\/hann-muenden\/wp-json\/wp\/v2\/categories?post=5925"},{"taxonomy":"post_tag","embeddable":true,"href":"https:\/\/denkmalkunst-kunstdenkmal.de\/hann-muenden\/wp-json\/wp\/v2\/tags?post=5925"}],"curies":[{"name":"wp","href":"https:\/\/api.w.org\/{rel}","templated":true}]}}